{"id":36359,"date":"2015-12-15T21:27:35","date_gmt":"2015-12-15T20:27:35","guid":{"rendered":"http:\/\/2horizontes.com\/?p=36359"},"modified":"2015-12-15T21:27:35","modified_gmt":"2015-12-15T20:27:35","slug":"juan-de-los-santos-era-compadre-del-presidente-danilo-medina","status":"publish","type":"post","link":"https:\/\/2horizontes.com\/?p=36359","title":{"rendered":"Juan de los Santos era compadre del presidente Danilo Medina"},"content":{"rendered":"<p>RD- SANTO DOMINGO -El alcalde Juan de los Santos, m\u00e1s que compa\u00f1ero de partido del presidente Danilo Medina era su compadre.<\/p>\n<p>En agosto del 2012\u00a0 se realiz\u00f3 la ceremonia donde Medina, siendo presidente electo,\u00a0 bautiz\u00f3 a uno de los cinco hijos del alcalde \u201cJuancito Sport\u201d,\u00a0 quien fue asesinado hoy en el local de la Federaci\u00f3n Dominicana de Municipios.\u00a0 El malogrado alcalde tuvo dos hijos de un primer matrimonio y tres con su esposa Berlinesa Franco, uno de estos es ahijado del Jefe del Estado.<\/p>\n<p>De los Santos, quien hab\u00eda repetido en dos per\u00edodos como alcalde de Santo Domingo Este, y buscar\u00eda un tercer per\u00edodo en los comicios de mayo pr\u00f3ximo, siempre mostr\u00f3 un apoyo incondicional a las aspiraciones reeleccionistas de su compadre, el presidente Danilo Medina.<\/p>\n<p>Juan de los Santos tambi\u00e9n era miembro del Comit\u00e9 Pol\u00edtico del PLD.<\/p>\n","protected":false},"excerpt":{"rendered":"<p>RD- SANTO DOMINGO -El alcalde Juan de los Santos, m\u00e1s que compa\u00f1ero de partido del presidente Danilo Medina era su compadre. En agosto del 2012\u00a0 se realiz\u00f3 la ceremonia donde Medina, siendo presidente electo,\u00a0 bautiz\u00f3 a uno de los cinco hijos del alcalde \u201cJuancito Sport\u201d,\u00a0 quien fue asesinado hoy en el local de la Federaci\u00f3n [&hellip;]<\/p>\n","protected":false},"author":8,"featured_media":36360,"comment_status":"open","ping_status":"open","sticky":false,"template":"","format":"standard","meta":{"footnotes":""},"categories":[43,44],"tags":[],"class_list":["post-36359","post","type-post","status-publish","format-standard","has-post-thumbnail","hentry","category-politica","category-republica-dominicana"],"_links":{"self":[{"href":"https:\/\/2horizontes.com\/index.php?rest_route=\/wp\/v2\/posts\/36359","targetHints":{"allow":["GET"]}}],"collection":[{"href":"https:\/\/2horizontes.com\/index.php?rest_route=\/wp\/v2\/posts"}],"about":[{"href":"https:\/\/2horizontes.com\/index.php?rest_route=\/wp\/v2\/types\/post"}],"author":[{"embeddable":true,"href":"https:\/\/2horizontes.com\/index.php?rest_route=\/wp\/v2\/users\/8"}],"replies":[{"embeddable":true,"href":"https:\/\/2horizontes.com\/index.php?rest_route=%2Fwp%2Fv2%2Fcomments&post=36359"}],"version-history":[{"count":1,"href":"https:\/\/2horizontes.com\/index.php?rest_route=\/wp\/v2\/posts\/36359\/revisions"}],"predecessor-version":[{"id":36361,"href":"https:\/\/2horizontes.com\/index.php?rest_route=\/wp\/v2\/posts\/36359\/revisions\/36361"}],"wp:featuredmedia":[{"embeddable":true,"href":"https:\/\/2horizontes.com\/index.php?rest_route=\/wp\/v2\/media\/36360"}],"wp:attachment":[{"href":"https:\/\/2horizontes.com\/index.php?rest_route=%2Fwp%2Fv2%2Fmedia&parent=36359"}],"wp:term":[{"taxonomy":"category","embeddable":true,"href":"https:\/\/2horizontes.com\/index.php?rest_route=%2Fwp%2Fv2%2Fcategories&post=36359"},{"taxonomy":"post_tag","embeddable":true,"href":"https:\/\/2horizontes.com\/index.php?rest_route=%2Fwp%2Fv2%2Ftags&post=36359"}],"curies":[{"name":"wp","href":"https:\/\/api.w.org\/{rel}","templated":true}]}}