{"id":36356,"date":"2015-12-15T21:20:44","date_gmt":"2015-12-15T20:20:44","guid":{"rendered":"http:\/\/2horizontes.com\/?p=36356"},"modified":"2015-12-15T21:20:44","modified_gmt":"2015-12-15T20:20:44","slug":"suspenden-actividades-del-presidente-por-muerte-de-juan-de-los-santos-rd","status":"publish","type":"post","link":"https:\/\/2horizontes.com\/?p=36356","title":{"rendered":"Suspenden actividades del presidente por muerte de Juan de los Santos RD"},"content":{"rendered":"<p>RD- SANTO DOMINGO-Fueron suspendidas todas las actividades del presidente Danilo Medina que se realizar\u00edan esta tarde, debido a la muerte a tiros del alcalde de Santo Domingo Este, Juan de los Santos, quien fue asesinado este mediod\u00eda en su oficina de la Federaci\u00f3n Dominicana de Municipios.<\/p>\n<p>A las 3:30 de la tarde, el presidente ten\u00eda pautada la inauguraci\u00f3n de las carreteras Santiago &#8211; J\u00e1nico, J\u00e1nico &#8211; San Jos\u00e9 de las Matas, San Jos\u00e9 de las Matas \u2013 El Rubio, Santiago, Cruce del Pedregal y Guajaca- San Jos\u00e9 de las Matas.<\/p>\n<p>El acto de inauguraci\u00f3n se iba a realizar en el municipio J\u00e1nico de la provincia Santiago, en la calle Federico Pichardo esquina Mella, frente al Parque Duarte.<\/p>\n<p>Asimismo, fue suspendido un almuerzo que ten\u00eda el presidente con los periodistas ma\u00f1ana al mediod\u00eda.<\/p>\n<p>La informaci\u00f3n fue ofrecida por la Direcci\u00f3n de Comunicaci\u00f3n (Dicom).<\/p>\n","protected":false},"excerpt":{"rendered":"<p>RD- SANTO DOMINGO-Fueron suspendidas todas las actividades del presidente Danilo Medina que se realizar\u00edan esta tarde, debido a la muerte a tiros del alcalde de Santo Domingo Este, Juan de los Santos, quien fue asesinado este mediod\u00eda en su oficina de la Federaci\u00f3n Dominicana de Municipios. A las 3:30 de la tarde, el presidente ten\u00eda [&hellip;]<\/p>\n","protected":false},"author":8,"featured_media":36357,"comment_status":"open","ping_status":"open","sticky":false,"template":"","format":"standard","meta":{"footnotes":""},"categories":[43,44],"tags":[],"class_list":["post-36356","post","type-post","status-publish","format-standard","has-post-thumbnail","hentry","category-politica","category-republica-dominicana"],"_links":{"self":[{"href":"https:\/\/2horizontes.com\/index.php?rest_route=\/wp\/v2\/posts\/36356","targetHints":{"allow":["GET"]}}],"collection":[{"href":"https:\/\/2horizontes.com\/index.php?rest_route=\/wp\/v2\/posts"}],"about":[{"href":"https:\/\/2horizontes.com\/index.php?rest_route=\/wp\/v2\/types\/post"}],"author":[{"embeddable":true,"href":"https:\/\/2horizontes.com\/index.php?rest_route=\/wp\/v2\/users\/8"}],"replies":[{"embeddable":true,"href":"https:\/\/2horizontes.com\/index.php?rest_route=%2Fwp%2Fv2%2Fcomments&post=36356"}],"version-history":[{"count":1,"href":"https:\/\/2horizontes.com\/index.php?rest_route=\/wp\/v2\/posts\/36356\/revisions"}],"predecessor-version":[{"id":36358,"href":"https:\/\/2horizontes.com\/index.php?rest_route=\/wp\/v2\/posts\/36356\/revisions\/36358"}],"wp:featuredmedia":[{"embeddable":true,"href":"https:\/\/2horizontes.com\/index.php?rest_route=\/wp\/v2\/media\/36357"}],"wp:attachment":[{"href":"https:\/\/2horizontes.com\/index.php?rest_route=%2Fwp%2Fv2%2Fmedia&parent=36356"}],"wp:term":[{"taxonomy":"category","embeddable":true,"href":"https:\/\/2horizontes.com\/index.php?rest_route=%2Fwp%2Fv2%2Fcategories&post=36356"},{"taxonomy":"post_tag","embeddable":true,"href":"https:\/\/2horizontes.com\/index.php?rest_route=%2Fwp%2Fv2%2Ftags&post=36356"}],"curies":[{"name":"wp","href":"https:\/\/api.w.org\/{rel}","templated":true}]}}