{"id":36327,"date":"2015-12-15T18:05:43","date_gmt":"2015-12-15T17:05:43","guid":{"rendered":"http:\/\/2horizontes.com\/?p=36327"},"modified":"2015-12-15T18:05:43","modified_gmt":"2015-12-15T17:05:43","slug":"la-comunidad-abrira-comedores-escolares-durante-las-vacaciones-de-navidad","status":"publish","type":"post","link":"https:\/\/2horizontes.com\/?p=36327","title":{"rendered":"La Comunidad abrir\u00e1 comedores escolares durante las vacaciones de Navidad"},"content":{"rendered":"<p>La Comunidad de Madrid mantendr\u00e1 operativos los comedores escolares y las actividades extraescolares durante las navidades para mantener una prestaci\u00f3n esencial, seg\u00fan ha anunciado hoy la presidenta de la Comunidad de Madrid, Cristina Cifuentes.<\/p>\n<p>Durante la rueda de prensa posterior a la reuni\u00f3n semanal del Consejo de Gobierno, Cifuentes ha avanzado que la administraci\u00f3n auton\u00f3mica destinar\u00e1 a esta iniciativa una partida de 500.000 euros durante las vacaciones navide\u00f1as, que alcanzar\u00e1 los dos millones para los periodos vacacionales de Semana Santa y verano.<\/p>\n<p>Los hijos de las v\u00edctimas de violencia de g\u00e9nero se beneficiar\u00e1n por primera vez del servicio de comedor escolar en Navidad, al que el Gobierno regional ha aprobado este martes destinar 500.000 euros para atender las necesidades de alimentaci\u00f3n de hasta 15.000 ni\u00f1os.<\/p>\n<p>As\u00ed lo ha indicado la presidenta regional, Cristina Cifuentes, en la rueda de prensa posterior al Consejo de Gobierno, al tiempo que ha subrayado que gracias a este \u00abesfuerzo presupuestario\u00bb se va a poder prestar servicio a los ni\u00f1os de familias con menos recursos que disponen de ayudas de comedor a lo largo del curso escolar: familias beneficiarias de la Renta M\u00ednima de Inserci\u00f3n, familias v\u00edctimas del terrorismo, alumnos en acogimiento familiar y, por primera vez, hijos de las v\u00edctimas de violencia de g\u00e9nero.<\/p>\n","protected":false},"excerpt":{"rendered":"<p>La Comunidad de Madrid mantendr\u00e1 operativos los comedores escolares y las actividades extraescolares durante las navidades para mantener una prestaci\u00f3n esencial, seg\u00fan ha anunciado hoy la presidenta de la Comunidad de Madrid, Cristina Cifuentes. Durante la rueda de prensa posterior a la reuni\u00f3n semanal del Consejo de Gobierno, Cifuentes ha avanzado que la administraci\u00f3n auton\u00f3mica [&hellip;]<\/p>\n","protected":false},"author":3,"featured_media":36328,"comment_status":"open","ping_status":"open","sticky":false,"template":"","format":"standard","meta":{"footnotes":""},"categories":[85],"tags":[],"class_list":["post-36327","post","type-post","status-publish","format-standard","has-post-thumbnail","hentry","category-espana"],"_links":{"self":[{"href":"https:\/\/2horizontes.com\/index.php?rest_route=\/wp\/v2\/posts\/36327","targetHints":{"allow":["GET"]}}],"collection":[{"href":"https:\/\/2horizontes.com\/index.php?rest_route=\/wp\/v2\/posts"}],"about":[{"href":"https:\/\/2horizontes.com\/index.php?rest_route=\/wp\/v2\/types\/post"}],"author":[{"embeddable":true,"href":"https:\/\/2horizontes.com\/index.php?rest_route=\/wp\/v2\/users\/3"}],"replies":[{"embeddable":true,"href":"https:\/\/2horizontes.com\/index.php?rest_route=%2Fwp%2Fv2%2Fcomments&post=36327"}],"version-history":[{"count":1,"href":"https:\/\/2horizontes.com\/index.php?rest_route=\/wp\/v2\/posts\/36327\/revisions"}],"predecessor-version":[{"id":36329,"href":"https:\/\/2horizontes.com\/index.php?rest_route=\/wp\/v2\/posts\/36327\/revisions\/36329"}],"wp:featuredmedia":[{"embeddable":true,"href":"https:\/\/2horizontes.com\/index.php?rest_route=\/wp\/v2\/media\/36328"}],"wp:attachment":[{"href":"https:\/\/2horizontes.com\/index.php?rest_route=%2Fwp%2Fv2%2Fmedia&parent=36327"}],"wp:term":[{"taxonomy":"category","embeddable":true,"href":"https:\/\/2horizontes.com\/index.php?rest_route=%2Fwp%2Fv2%2Fcategories&post=36327"},{"taxonomy":"post_tag","embeddable":true,"href":"https:\/\/2horizontes.com\/index.php?rest_route=%2Fwp%2Fv2%2Ftags&post=36327"}],"curies":[{"name":"wp","href":"https:\/\/api.w.org\/{rel}","templated":true}]}}