{"id":36292,"date":"2015-12-15T15:44:45","date_gmt":"2015-12-15T14:44:45","guid":{"rendered":"http:\/\/2horizontes.com\/?p=36292"},"modified":"2015-12-15T15:44:45","modified_gmt":"2015-12-15T14:44:45","slug":"a-una-semana-de-las-elecciones-mariano-rajoy-y-pedro-sanchez-mantuvieron-un-duro-cara-a-cara","status":"publish","type":"post","link":"https:\/\/2horizontes.com\/?p=36292","title":{"rendered":"A una semana de las elecciones, Mariano Rajoy y Pedro S\u00e1nchez mantuvieron un duro cara a cara"},"content":{"rendered":"<p><strong>Espa\u00f1a<\/strong><\/p>\n<p>\u00abha salido de la parte m\u00e1s dura de la crisis y ahora lo que toca es crear dos millones de puestos de trabajo que si seguimos con las reformas estructurales podremos hacerlo\u00bb, dijo Mariano Rajoy, a menos de una semana para las elecciones generales del domingo.<\/p>\n<p>El jefe del gobierno espa\u00f1ol, de 60 a\u00f1os, <b>centr\u00f3 su intervenci\u00f3n en la recuperaci\u00f3n econ\u00f3mica<\/b>, que atribuy\u00f3 a las reformas estructurales aplicadas desde su llegada al poder en 2011, cuando, seg\u00fan \u00e9l, \u00abEspa\u00f1a era el enfermo de Europa\u00bb y ten\u00eda \u00abtodos los desequilibrios econ\u00f3micos\u00bb.<\/p>\n<p>Tras cuatro a\u00f1os de una draconiana pol\u00edtica de austeridad que ha alimentado el descontento social, el l\u00edder socialista, Pedro S\u00e1nchez, le ech\u00f3 en cara que <b>la recuperaci\u00f3n se ha hecho \u00aba base de hacer las cosas m\u00e1s baratas y no mejor<\/b>, lo que ha hecho es introducir m\u00e1s desigualdad\u00bb con una reforma laboral que ha permitido sueldos m\u00e1s baratos, al tiempo que hubo subida de impuestos o recortes de servicios sociales.<\/p>\n<p>El l\u00edder de la oposici\u00f3n insisti\u00f3 en que gran parte del nuevo crecimiento del pa\u00eds se debe a factores exteriores, como la ca\u00edda del precio del petr\u00f3leo.<\/p>\n<div id=\"2136843-Grande-1353690601_wrap\" class=\"embed_cont type_imagen\">\n<div id=\"2136843-Grande-1353690601_content\" class=\"embed_content\"><img decoding=\"async\" id=\"2136843-Grande-1353690601_embed\" src=\"http:\/\/cdn01.am.infobae.com\/adjuntos\/163\/imagenes\/013\/933\/0013933643.jpg?0000-00-00-00-00-00\" alt=\"\" \/><\/div>\n<div id=\"2136843-Grande-1353690601_epigrafe\" class=\"embed_epigrafe\"><\/div>\n<div id=\"2136843-Grande-1353690601_copyright\" class=\"embed_copyright\">AFP<\/div>\n<\/div>\n<p><b>Corrupci\u00f3n y bronca<\/b><\/p>\n<p>Sin embargo, el principal ataque de S\u00e1nchez a Rajoy vino por <b>los esc\u00e1ndalos de corrupci\u00f3n que afectan a su Partido Popular (PP)<\/b>, aunque tambi\u00e9n han tocado a los socialistas, generando los momentos m\u00e1s broncos y violentos del debate.<\/p>\n<p><b>\u00abEl presidente del gobierno se\u00f1or Rajoy debe de ser una persona decente y usted no lo es\u00bb<\/b>, le espet\u00f3 S\u00e1nchez al jefe del ejecutivo.<\/p>\n<p><b>\u00abSu intervenci\u00f3n ha sido ruin, mezquina y deleznable\u00bb<\/b>, le respondi\u00f3 Rajoy, que insisti\u00f3 en su limpieza.<\/p>\n<p>\u00abJam\u00e1s nadie me ha citado en ning\u00fan juzgado, ni jam\u00e1s nadie me acus\u00f3 de apropiarme de nada\u00bb, insisti\u00f3 el jefe del gobierno espa\u00f1ol, al que S\u00e1nchez record\u00f3 los casos de corrupci\u00f3n que afectan al ex director del FMI, Rodrigo Rato, por su gesti\u00f3n en el banco Bankia, o al antiguo tesorero del PP, Luis B\u00e1rcenas, por una supuesta contabilidad oculta del partido.<\/p>\n<p>S\u00e1nchez, que interrumpi\u00f3 en varias ocasiones a su oponente, pareci\u00f3 poner nervioso a Rajoy en el debate organizado por la Academia de Televisi\u00f3n y emitido por varios canales y emisoras de radio desde las 22:00 (21:00 GMT).<\/p>\n<p>\u00abProbablemente el ganador han sido los candidatos que no estaban en el debate, porque el tono ha sido muy agrio, muy agresivo\u00bb, dijo David Jim\u00e9nez, director del diario <i>El Mundo<\/i> en la televisi\u00f3n p\u00fablica espa\u00f1ola.<\/p>\n<p>Jim\u00e9nez se refer\u00eda a los l\u00edderes del partido liberal Ciudadanos, Albert Rivera, y de la formaci\u00f3n de izquierda radical, Pablo Iglesias, que \u00abhan debido de pensar &#8216;esto es la vieja pol\u00edtica y no lo que quieren los espa\u00f1oles'\u00bb.<\/p>\n<div id=\"2136845-Grande-1602408022_wrap\" class=\"embed_cont type_imagen\">\n<div id=\"2136845-Grande-1602408022_content\" class=\"embed_content\"><img decoding=\"async\" id=\"2136845-Grande-1602408022_embed\" src=\"http:\/\/cdn01.am.infobae.com\/adjuntos\/163\/imagenes\/013\/933\/0013933659.jpg?0000-00-00-00-00-00\" alt=\"\" \/><\/div>\n<div id=\"2136845-Grande-1602408022_epigrafe\" class=\"embed_epigrafe\"><\/div>\n<div id=\"2136845-Grande-1602408022_copyright\" class=\"embed_copyright\">AFP<\/div>\n<\/div>\n<p><b>Poco debate sobre Catalu\u00f1a<\/b><\/p>\n<p>En dos horas de debate, S\u00e1nchez y Rajoy <b>apenas tocaron otros temas importantes <\/b>como la situaci\u00f3n en Catalu\u00f1a con el auge independentista, donde S\u00e1nchez se limit\u00f3 a reiterar su propuesta de una reforma constitucional para mejorar el encaje de Catalu\u00f1a dentro de Espa\u00f1a.<\/p>\n<p>La situaci\u00f3n en <b>Catalu\u00f1a necesita \u00abmucho di\u00e1logo, mucha ley y muchas reformas\u00bb,<\/b> a\u00f1adi\u00f3 S\u00e1nchez, mientras que Rajoy reiter\u00f3 su disposici\u00f3n a o\u00edr propuestas sobre una reforma constitucional pero recordando que es \u00abinnegociable la unidad de Espa\u00f1a\u00bb.<\/p>\n<p>\u00abNo han ganado ni un solo voto de los indecisos, en todo caso han convencido a los suyos\u00bb, lament\u00f3 el director del diario ABC, Bieito Rubido, a la televisi\u00f3n p\u00fablica espa\u00f1ola.<\/p>\n<p>Seg\u00fan varios sondeos publicados este lunes, \u00faltimo d\u00eda permitido por ley para hacerlo, <b>el PP se afianza como favorito<\/b>, con una estimaci\u00f3n de voto que var\u00eda de 25,3% (entre 105 y 112 esca\u00f1os) a 29,9% (125-128 esca\u00f1os). En cualquier caso muy lejos de la mayor\u00eda absoluta (176 diputados) y del 45% obtenido en los comicios precedentes, lo que le obligar\u00eda a alcanzar pactos para gobernar.<\/p>\n<p>Por su parte, los socialistas ahondar\u00edan en su fracaso de 2011 restando al menos una veintena de diputados a los 110 obtenidos entonces, en el que ya fue el peor resultado de su historia.<\/p>\n<p>F. Infobae.<\/p>\n","protected":false},"excerpt":{"rendered":"<p>Espa\u00f1a \u00abha salido de la parte m\u00e1s dura de la crisis y ahora lo que toca es crear dos millones de puestos de trabajo que si seguimos con las reformas estructurales podremos hacerlo\u00bb, dijo Mariano Rajoy, a menos de una semana para las elecciones generales del domingo. El jefe del gobierno espa\u00f1ol, de 60 a\u00f1os, [&hellip;]<\/p>\n","protected":false},"author":7,"featured_media":36296,"comment_status":"open","ping_status":"open","sticky":false,"template":"","format":"standard","meta":{"footnotes":""},"categories":[85,86,40,43],"tags":[],"class_list":["post-36292","post","type-post","status-publish","format-standard","has-post-thumbnail","hentry","category-espana","category-europa","category-internacionales","category-politica"],"_links":{"self":[{"href":"https:\/\/2horizontes.com\/index.php?rest_route=\/wp\/v2\/posts\/36292","targetHints":{"allow":["GET"]}}],"collection":[{"href":"https:\/\/2horizontes.com\/index.php?rest_route=\/wp\/v2\/posts"}],"about":[{"href":"https:\/\/2horizontes.com\/index.php?rest_route=\/wp\/v2\/types\/post"}],"author":[{"embeddable":true,"href":"https:\/\/2horizontes.com\/index.php?rest_route=\/wp\/v2\/users\/7"}],"replies":[{"embeddable":true,"href":"https:\/\/2horizontes.com\/index.php?rest_route=%2Fwp%2Fv2%2Fcomments&post=36292"}],"version-history":[{"count":1,"href":"https:\/\/2horizontes.com\/index.php?rest_route=\/wp\/v2\/posts\/36292\/revisions"}],"predecessor-version":[{"id":36297,"href":"https:\/\/2horizontes.com\/index.php?rest_route=\/wp\/v2\/posts\/36292\/revisions\/36297"}],"wp:featuredmedia":[{"embeddable":true,"href":"https:\/\/2horizontes.com\/index.php?rest_route=\/wp\/v2\/media\/36296"}],"wp:attachment":[{"href":"https:\/\/2horizontes.com\/index.php?rest_route=%2Fwp%2Fv2%2Fmedia&parent=36292"}],"wp:term":[{"taxonomy":"category","embeddable":true,"href":"https:\/\/2horizontes.com\/index.php?rest_route=%2Fwp%2Fv2%2Fcategories&post=36292"},{"taxonomy":"post_tag","embeddable":true,"href":"https:\/\/2horizontes.com\/index.php?rest_route=%2Fwp%2Fv2%2Ftags&post=36292"}],"curies":[{"name":"wp","href":"https:\/\/api.w.org\/{rel}","templated":true}]}}