{"id":36261,"date":"2015-12-15T14:57:35","date_gmt":"2015-12-15T13:57:35","guid":{"rendered":"http:\/\/2horizontes.com\/?p=36261"},"modified":"2015-12-15T15:00:35","modified_gmt":"2015-12-15T14:00:35","slug":"queda-libre-el-enfermero-de-las-farc-acusado-de-500-abortos-forzados","status":"publish","type":"post","link":"https:\/\/2horizontes.com\/?p=36261","title":{"rendered":"Queda libre \u00abEl enfermero\u00bb de las FARC detenido en Esa\u00f1a, acusado de 500 abortos forzados"},"content":{"rendered":"<div id=\"ArticleAuthorDiv\" class=\"article-body-author\"><b>EFE<\/b><\/div>\n<div id=\"ArticleSourceDiv\" class=\"article-body-author\"><b>Madrid<\/b><\/div>\n<div id=\"ArticleBody\">\n<p>El excombatiente de las FARC H\u00e9ctor Albeidis Arboleda Buitrago, \u00abEl enfermero\u00bb, detenido en Madrid por estar acusado de realizar m\u00e1s de quinientos abortos forzados a guerrilleras de esta organizaci\u00f3n, fue puesto ayer en libertad con medidas cautelares.<\/p>\n<p>El juez de la Audiencia Nacional espa\u00f1ola Eloy Velasco adopt\u00f3 esta decisi\u00f3n mientras se decide sobre su extradici\u00f3n a Colombia, al entender que los hechos por los que se le acusa podr\u00edan estar prescritos.<\/p>\n<p>En esta resoluci\u00f3n influy\u00f3 el hecho de que el detenido padezca una enfermedad degenerativa grave que le hace ir en silla de ruedas, adem\u00e1s de tener en cuenta que, por motivos familiares, tiene arraigo en Madrid, informaron fuentes jur\u00eddicas.<\/p>\n<p>Para mantenerle sujeto a esta causa, el juez lo dej\u00f3 en libertad con la obligaci\u00f3n de comparecer cada semana en el juzgado y de designar domicilio y tel\u00e9fono, y acord\u00f3 tambi\u00e9n la retirada del pasaporte al detenido, que cuenta con doble nacionalidad colombiana y espa\u00f1ola.<\/p>\n<p>Al reclamado no se le preguntar\u00e1 si desea ser extraditado hasta que las autoridades colombianas presenten la documentaci\u00f3n en la que apoyan su reclamaci\u00f3n de extradici\u00f3n, para lo que cuentan con 40 d\u00edas de plazo.<\/p>\n<p>Sobre Arboleda, de 40 a\u00f1os, pesaba una circular de la Interpol por los delitos de \u00abtortura agravada, aborto sin consentimiento y concierto para delinquir\u00bb, lo que llev\u00f3 a su detenci\u00f3n la pasada semana.<\/p>\n<p>Las v\u00edctimas, que hab\u00edan sufrido violaciones por parte de los miembros de la organizaci\u00f3n y entre las que hab\u00eda m\u00e1s de cincuenta menores de edad, fueron obligadas a abortar hasta con siete y ocho meses de embarazo, seg\u00fan las acusaciones que existen contra Arboleda.<\/p>\n<p>La mayor parte de las intervenciones se llevaron a cabo entre los a\u00f1os 1998 y 2000, a ra\u00edz de una norma de la direcci\u00f3n de las FARC en la que se decretaba que se pod\u00eda castigar con el fusilamiento a las guerrilleras que se negaran a que les practicaran interrupciones del embarazo.<\/p>\n<p>Seg\u00fan informaron las autoridades colombianas, las intervenciones se hicieron durante al menos 15 a\u00f1os en zonas remotas del oeste y centro de Colombia.<\/p>\n<p>La investigaci\u00f3n comenz\u00f3 cuando se recibi\u00f3 de las autoridades colombianas una comunicaci\u00f3n sobre la posible presencia en Madrid de un excombatiente de las FARC, conocido como \u00abEl enfermero\u00bb, que se habr\u00eda asentado en Espa\u00f1a huyendo de la justicia colombiana.<\/p>\n<\/div>\n","protected":false},"excerpt":{"rendered":"<p>EFE Madrid El excombatiente de las FARC H\u00e9ctor Albeidis Arboleda Buitrago, \u00abEl enfermero\u00bb, detenido en Madrid por estar acusado de realizar m\u00e1s de quinientos abortos forzados a guerrilleras de esta organizaci\u00f3n, fue puesto ayer en libertad con medidas cautelares. El juez de la Audiencia Nacional espa\u00f1ola Eloy Velasco adopt\u00f3 esta decisi\u00f3n mientras se decide sobre [&hellip;]<\/p>\n","protected":false},"author":7,"featured_media":36262,"comment_status":"open","ping_status":"open","sticky":false,"template":"","format":"standard","meta":{"footnotes":""},"categories":[50,85,40],"tags":[],"class_list":["post-36261","post","type-post","status-publish","format-standard","has-post-thumbnail","hentry","category-colombia","category-espana","category-internacionales"],"_links":{"self":[{"href":"https:\/\/2horizontes.com\/index.php?rest_route=\/wp\/v2\/posts\/36261","targetHints":{"allow":["GET"]}}],"collection":[{"href":"https:\/\/2horizontes.com\/index.php?rest_route=\/wp\/v2\/posts"}],"about":[{"href":"https:\/\/2horizontes.com\/index.php?rest_route=\/wp\/v2\/types\/post"}],"author":[{"embeddable":true,"href":"https:\/\/2horizontes.com\/index.php?rest_route=\/wp\/v2\/users\/7"}],"replies":[{"embeddable":true,"href":"https:\/\/2horizontes.com\/index.php?rest_route=%2Fwp%2Fv2%2Fcomments&post=36261"}],"version-history":[{"count":2,"href":"https:\/\/2horizontes.com\/index.php?rest_route=\/wp\/v2\/posts\/36261\/revisions"}],"predecessor-version":[{"id":36265,"href":"https:\/\/2horizontes.com\/index.php?rest_route=\/wp\/v2\/posts\/36261\/revisions\/36265"}],"wp:featuredmedia":[{"embeddable":true,"href":"https:\/\/2horizontes.com\/index.php?rest_route=\/wp\/v2\/media\/36262"}],"wp:attachment":[{"href":"https:\/\/2horizontes.com\/index.php?rest_route=%2Fwp%2Fv2%2Fmedia&parent=36261"}],"wp:term":[{"taxonomy":"category","embeddable":true,"href":"https:\/\/2horizontes.com\/index.php?rest_route=%2Fwp%2Fv2%2Fcategories&post=36261"},{"taxonomy":"post_tag","embeddable":true,"href":"https:\/\/2horizontes.com\/index.php?rest_route=%2Fwp%2Fv2%2Ftags&post=36261"}],"curies":[{"name":"wp","href":"https:\/\/api.w.org\/{rel}","templated":true}]}}