{"id":36251,"date":"2015-12-15T14:46:08","date_gmt":"2015-12-15T13:46:08","guid":{"rendered":"http:\/\/2horizontes.com\/?p=36251"},"modified":"2015-12-15T14:46:08","modified_gmt":"2015-12-15T13:46:08","slug":"costa-rica-busca-via-diplomatica-para-solucionar-crisis-de-migrantes-cubanos","status":"publish","type":"post","link":"https:\/\/2horizontes.com\/?p=36251","title":{"rendered":"Costa Rica busca v\u00eda diplom\u00e1tica para solucionar crisis de migrantes cubanos"},"content":{"rendered":"<div id=\"ArticleSourceDiv\" class=\"article-body-author\"><b>La Habana<\/b><\/div>\n<div id=\"ArticleBody\">\n<p>El presidente de Costa Rica, Luis Guillermo Sol\u00eds, confirm\u00f3 ayer en La Habana su disposici\u00f3n a apurar todas las v\u00edas diplom\u00e1ticas para solucionar la crisis de los 5.000 emigrantes cubanos varados en su pa\u00eds, asunto que centrar\u00e1 la agenda de su encuentro ma\u00f1ana con su hom\u00f3logo Ra\u00fal Castro.<\/p>\n<p>\u00abEstamos haciendo todos los esfuerzos en el plano diplom\u00e1tico para lograr que el tr\u00e1nsito de migrantes cubanos contin\u00fae hacia su destino final\u00bb, afirm\u00f3 ayer Sol\u00eds a la prensa despu\u00e9s de impartir una conferencia sobre las relaciones hist\u00f3ricas entre Costa Rica y Cuba.<\/p>\n<p>El presidente subray\u00f3 que la Canciller\u00eda costarricense ha realizado, desde que estall\u00f3 esta crisis hace un mes, \u00abingentes esfuerzos\u00bb para garantizar los derechos de los 5.000 cubanos que hay ahora mismo varados en 26 albergues en toda Costa Rica con visas de tr\u00e1nsito.<\/p>\n<p>\u00abNo hemos dejado ning\u00fan resquicio, ning\u00fan esfuerzo para garantizar que los derechos de esos emigrantes sean preservados. Queremos arrancarlos de las garras del coyotaje regional\u00bb, indic\u00f3 el presidente, que lleg\u00f3 ayer a La Habana en su primera visita oficial a Cuba con el objetivo de reforzar la relaci\u00f3n bilateral.<\/p>\n<p>El pasado 14 de noviembre, las autoridades costarricenses desarticularon una mafia que ayudaba a cruzar las fronteras de Centroam\u00e9rica hasta Estados Unidos a cubanos que portaban pasaporte pero no visados.<\/p>\n<p>La crisis estall\u00f3 al d\u00eda siguiente, cuando Nicaragua decidi\u00f3 cerrar su frontera con Costa Rica con el pretexto de evitar una crisis humanitaria y evitar la emigraci\u00f3n ilegal, lo que dej\u00f3 a miles de cubanos varados en albergues, donde actualmente se acumulan ya 5.000 migrantes.<\/p>\n<p>Desde entonces, Costa Rica ha entablado contactos con otros pa\u00edses de la regi\u00f3n como Guatemala, Belice y M\u00e9xico para poder evacuar a los cubanos, sin haber hallado todav\u00eda una soluci\u00f3n satisfactoria.<\/p>\n<p>En su intento de llegar a EE.UU. -donde las pol\u00edticas migratorias y la Ley de Ajuste beneficia a los cubanos que lleguen a ese territorio-, la mayor\u00eda de los cubanos que emigran emprenden un largo periplo por buena parte de Latinoam\u00e9rica, que inician en Ecuador, el \u00fanico pa\u00eds de la regi\u00f3n que no requer\u00eda visado a los cubanos.<\/p>\n<p>Sin embargo, Ecuador exige desde el pasado 1 de diciembre visado de turista a los cubanos que entren en el pa\u00eds; hasta el momento la \u00fanica medida adoptada para poner freno a ese flujo de emigrantes que recorren 7.700 kil\u00f3metros y cruzan ilegalmente ocho fronteras.<\/p>\n<p>Aunque la crisis migratoria de los cubanos varados en Centroam\u00e9rica es el tel\u00f3n de fondo de la primera visita de Sol\u00eds a Cuba, el objetivo fundamental es estrechar la cooperaci\u00f3n y el intercambio comercial, y con ese fin el presidente viaj\u00f3 a la isla acompa\u00f1ado de una delegaci\u00f3n de 51 empresas.<\/p>\n<p>Sol\u00eds inaugur\u00f3 hoy un foro empresarial en el que participaron esas compa\u00f1\u00edas y socios cubanos para explorar posibilidades de inversi\u00f3n y comercio, con especial inter\u00e9s en las \u00e1reas del turismo, la construcci\u00f3n y la agroalimentaci\u00f3n.<\/p>\n<p>Sol\u00eds destac\u00f3 las facilidades que ahora Cuba ofrece con la nueva Ley de Inversi\u00f3n Extranjera y de la Zona Especial de Desarrollo del Mariel (ZEDM) para apoyarse en esta isla -el mayor mercado del Caribe con m\u00e1s de 11 millones de habitantes- como puente de entrada comercial en otras naciones de la regi\u00f3n.<\/p>\n<p>El presidente se\u00f1al\u00f3 que Costa Rica es ya el principal socio comercial de Cuba en Am\u00e9rica Central, cuyo intercambio creci\u00f3 a un ritmo anual del 7 % en los \u00faltimos a\u00f1os, aunque expres\u00f3 su deseo de incrementar todav\u00eda m\u00e1s esa cifra.<\/p>\n<p>\u00abSi Costa Rica es el principal socio de Cuba en Am\u00e9rica Central, queremos profundizar a\u00fan m\u00e1s los lazos que nos unen y promover las relaciones de comercio e inversi\u00f3n\u00bb, subray\u00f3.<\/p>\n<p>Cuba es el cuarto destino de las exportaciones de Costa Rica, a donde vendi\u00f3 el pasado a\u00f1o 38,5 millones de d\u00f3lares, gracias a las ventas de 34 empresas que colocaron en el mercado cubano un centenar de productos entre los que destacaron la leche en polvo y algunos medicamentos con antisueros.<\/p>\n<p>El presidente Sol\u00eds, historiador de formaci\u00f3n, recibi\u00f3 hoy en La Habana la condici\u00f3n de acad\u00e9mico correspondiente extranjero de la Academia de la Historia de Cuba, donde imparti\u00f3 una conferencia de ingreso sobre las relaciones hist\u00f3ricas entre los dos pa\u00edses.<\/p>\n<p>F. List\u00edn Diario<\/p>\n<\/div>\n","protected":false},"excerpt":{"rendered":"<p>La Habana El presidente de Costa Rica, Luis Guillermo Sol\u00eds, confirm\u00f3 ayer en La Habana su disposici\u00f3n a apurar todas las v\u00edas diplom\u00e1ticas para solucionar la crisis de los 5.000 emigrantes cubanos varados en su pa\u00eds, asunto que centrar\u00e1 la agenda de su encuentro ma\u00f1ana con su hom\u00f3logo Ra\u00fal Castro. \u00abEstamos haciendo todos los esfuerzos [&hellip;]<\/p>\n","protected":false},"author":7,"featured_media":36252,"comment_status":"open","ping_status":"open","sticky":false,"template":"","format":"standard","meta":{"footnotes":""},"categories":[49,54,40],"tags":[],"class_list":["post-36251","post","type-post","status-publish","format-standard","has-post-thumbnail","hentry","category-cuba","category-emigrantes","category-internacionales"],"_links":{"self":[{"href":"https:\/\/2horizontes.com\/index.php?rest_route=\/wp\/v2\/posts\/36251","targetHints":{"allow":["GET"]}}],"collection":[{"href":"https:\/\/2horizontes.com\/index.php?rest_route=\/wp\/v2\/posts"}],"about":[{"href":"https:\/\/2horizontes.com\/index.php?rest_route=\/wp\/v2\/types\/post"}],"author":[{"embeddable":true,"href":"https:\/\/2horizontes.com\/index.php?rest_route=\/wp\/v2\/users\/7"}],"replies":[{"embeddable":true,"href":"https:\/\/2horizontes.com\/index.php?rest_route=%2Fwp%2Fv2%2Fcomments&post=36251"}],"version-history":[{"count":1,"href":"https:\/\/2horizontes.com\/index.php?rest_route=\/wp\/v2\/posts\/36251\/revisions"}],"predecessor-version":[{"id":36253,"href":"https:\/\/2horizontes.com\/index.php?rest_route=\/wp\/v2\/posts\/36251\/revisions\/36253"}],"wp:featuredmedia":[{"embeddable":true,"href":"https:\/\/2horizontes.com\/index.php?rest_route=\/wp\/v2\/media\/36252"}],"wp:attachment":[{"href":"https:\/\/2horizontes.com\/index.php?rest_route=%2Fwp%2Fv2%2Fmedia&parent=36251"}],"wp:term":[{"taxonomy":"category","embeddable":true,"href":"https:\/\/2horizontes.com\/index.php?rest_route=%2Fwp%2Fv2%2Fcategories&post=36251"},{"taxonomy":"post_tag","embeddable":true,"href":"https:\/\/2horizontes.com\/index.php?rest_route=%2Fwp%2Fv2%2Ftags&post=36251"}],"curies":[{"name":"wp","href":"https:\/\/api.w.org\/{rel}","templated":true}]}}