{"id":36248,"date":"2015-12-15T14:43:18","date_gmt":"2015-12-15T13:43:18","guid":{"rendered":"http:\/\/2horizontes.com\/?p=36248"},"modified":"2015-12-15T14:43:18","modified_gmt":"2015-12-15T13:43:18","slug":"gobierno-y-farc-anunciaran-hoy-acuerdo-sobre-las-victimas-del-conflicto","status":"publish","type":"post","link":"https:\/\/2horizontes.com\/?p=36248","title":{"rendered":"Gobierno y FARC anunciar\u00e1n hoy acuerdo sobre las v\u00edctimas del conflicto"},"content":{"rendered":"<div id=\"ArticleAuthorDiv\" class=\"article-body-author\"><b>Soledad \u00c1lvarez<\/b><\/div>\n<div id=\"ArticleSourceDiv\" class=\"article-body-author\"><b>La Habana<\/b><\/div>\n<div id=\"ArticleBody\">\n<p>El Gobierno de Colombia y la guerrilla de las FARC han logrado cerrar el punto sobre las v\u00edctimas del conflicto, uno de los m\u00e1s complejos y sensibles del proceso de paz, y este martes anunciar\u00e1n los detalles de un acuerdo que representa un impulso decisivo hacia el fin de la guerra.<\/p>\n<p>El anuncio se realizar\u00e1 en La Habana en la ma\u00f1ana de este martes en una ceremonia solemne a la que asistir\u00e1 una delegaci\u00f3n de 10 v\u00edctimas en representaci\u00f3n de los afectados por el conflicto.<\/p>\n<p>Esas diez v\u00edctimas, que llegaron este lunes a La Habana, son el general Luis Herlindo Mendieta, la exsenadora Piedad C\u00f3rdoba, Jineth Bedoya, Alan Jara, Luz Marina Bernal, Yaneth Bautista, Mar\u00eda Soledad Garz\u00f3n, Wilfredo Landa, Alfonso Mora y Licinia Collazos.<\/p>\n<p>En la ceremonia de ma\u00f1ana se dar\u00e1 a conocer el documento \u00edntegro del acuerdo, cuyos detalles no han trascendido y que abarca los componentes de verdad, reparaci\u00f3n y garant\u00edas de no repetici\u00f3n, adem\u00e1s del sistema de justicia transicional que se aplicar\u00e1 a los responsables del conflicto.<\/p>\n<p>El pasado 23 de septiembre ya se anunciaron las l\u00edneas maestras de esa jurisdicci\u00f3n especial para la paz con la presencia del presidente Juan Manuel Santos y el l\u00edder de las FARC, Rodrigo Londo\u00f1o, que protagonizaron en La Habana un hist\u00f3rico apret\u00f3n de manos que marc\u00f3 un punto de inflexi\u00f3n para el proceso de paz.<\/p>\n<p>Ese acuerdo inicial sobre justicia contempla una jurisdicci\u00f3n especial para todos los implicados en la guerra, con beneficios para quienes admitan su responsabilidad.<\/p>\n<p>Sin embargo, la negociaci\u00f3n de los flecos de ese documento base ha sido en las \u00faltimas semanas el principal escollo para el cierre del punto sobre v\u00edctimas, por las diferencias entre las partes en asuntos como la concreci\u00f3n de la privaci\u00f3n de libertad \u00aben condiciones especiales\u00bb, las extradiciones o la forma de elecci\u00f3n de los magistrados del tribunal especial de paz, entre otros.<\/p>\n<p>A la espera de conocer c\u00f3mo se han resuelto esos temas espinosos, portavoces de ambos equipos negociadores coincidieron hoy en expresar su satisfacci\u00f3n por haber conseguido cerrar un acuerdo que calificaron como \u00abtrascendental\u00bb y como \u00abun paso importante\u00bb hacia la paz.<\/p>\n<p>\u00abHemos cerrado satisfactoriamente la Jurisdicci\u00f3n Especial para la Paz y el acuerdo parcial sobre el punto V\u00cdCTIMAS\u00bb, escribi\u00f3 en su cuenta de la red social Twitter el jefe de los negociadores de la guerrilla, \u00abIv\u00e1n M\u00e1rquez\u00bb, alias de Luciano Mar\u00edn Arango.<\/p>\n<p>El acuerdo que se anunciar\u00e1 ma\u00f1ana ser\u00e1 el cuarto que se alcanza durante el actual proceso de paz -que comenz\u00f3 hace m\u00e1s de tres a\u00f1os- tras haber consensuado los puntos sobre tierras y desarrollo rural, la participaci\u00f3n pol\u00edtica de la guerrilla y drogas y narcotr\u00e1fico.<\/p>\n<p>El de v\u00edctimas ha sido sin embargo el que m\u00e1s tiempo les ha tomado a los negociadores, que abrieron las conversaciones sobre este punto en agosto de 2014 y que incluy\u00f3 la participaci\u00f3n directa en la Mesa de La Habana de cinco delegaciones de afectados por la guerra en Colombia.<\/p>\n<p>Durante el debate de este punto, el proceso de paz ha sufrido numerosos altibajos, momentos de crisis y tambi\u00e9n avances importantes como los acuerdos para un plan de desminado en Colombia o para la b\u00fasqueda de desaparecidos durante el conflicto.<\/p>\n<p>El acuerdo sobre v\u00edctimas llega tambi\u00e9n a pocos d\u00edas de un simb\u00f3lico reconocimiento de responsabilidad por parte de las FARC ante las comunidades afrocolombianas e ind\u00edgenas de Bojay\u00e1, en el departamento del Choc\u00f3 (oeste), donde en mayo de 2002 murieron al menos 79 personas y m\u00e1s de 100 resultaron heridas por la explosi\u00f3n de un cilindro bomba lanzado por miembros de esa guerrilla.<\/p>\n<p>Un gesto que el presidente Santos destac\u00f3 como un acto significativo y necesario en la ruta de la paz.<\/p>\n<p>Tras concluir el punto de v\u00edctimas, el proceso de paz colombiano encara su recta final para completar el \u00faltimo, y no menos complejo, punto de la agenda que pactaron las partes: el fin del conflicto.<\/p>\n<p>Un cap\u00edtulo que incluye, entre otros aspectos, las condiciones del cese al fuego y de hostilidades bilateral y definitivo o la dejaci\u00f3n de armas por parte de la guerrilla, que seg\u00fan el acuerdo sobre justicia se realizar\u00e1 en un plazo de 60 d\u00edas despu\u00e9s de la firma del acuerdo definitivo de paz.<\/p>\n<p>Para preparar el fin del conflicto trabaja desde hace m\u00e1s de un a\u00f1o una subcomisi\u00f3n t\u00e9cnica de car\u00e1cter consultivo (no es una instancia negociadora) conformada por altos mandos militares colombianos y guerrilleros de las FARC.<\/p>\n<p>Tras el acto sobre el acuerdo de v\u00edctimas anunciado para ma\u00f1ana, el proceso de paz colombiano entrar\u00e1 en un receso por las fiestas navide\u00f1as y fin de a\u00f1o con la previsi\u00f3n de retomar las negociaciones en La Habana en el mes de enero.<\/p>\n<\/div>\n","protected":false},"excerpt":{"rendered":"<p>Soledad \u00c1lvarez La Habana El Gobierno de Colombia y la guerrilla de las FARC han logrado cerrar el punto sobre las v\u00edctimas del conflicto, uno de los m\u00e1s complejos y sensibles del proceso de paz, y este martes anunciar\u00e1n los detalles de un acuerdo que representa un impulso decisivo hacia el fin de la guerra. [&hellip;]<\/p>\n","protected":false},"author":7,"featured_media":36249,"comment_status":"open","ping_status":"open","sticky":false,"template":"","format":"standard","meta":{"footnotes":""},"categories":[50,49,40,43],"tags":[],"class_list":["post-36248","post","type-post","status-publish","format-standard","has-post-thumbnail","hentry","category-colombia","category-cuba","category-internacionales","category-politica"],"_links":{"self":[{"href":"https:\/\/2horizontes.com\/index.php?rest_route=\/wp\/v2\/posts\/36248","targetHints":{"allow":["GET"]}}],"collection":[{"href":"https:\/\/2horizontes.com\/index.php?rest_route=\/wp\/v2\/posts"}],"about":[{"href":"https:\/\/2horizontes.com\/index.php?rest_route=\/wp\/v2\/types\/post"}],"author":[{"embeddable":true,"href":"https:\/\/2horizontes.com\/index.php?rest_route=\/wp\/v2\/users\/7"}],"replies":[{"embeddable":true,"href":"https:\/\/2horizontes.com\/index.php?rest_route=%2Fwp%2Fv2%2Fcomments&post=36248"}],"version-history":[{"count":1,"href":"https:\/\/2horizontes.com\/index.php?rest_route=\/wp\/v2\/posts\/36248\/revisions"}],"predecessor-version":[{"id":36250,"href":"https:\/\/2horizontes.com\/index.php?rest_route=\/wp\/v2\/posts\/36248\/revisions\/36250"}],"wp:featuredmedia":[{"embeddable":true,"href":"https:\/\/2horizontes.com\/index.php?rest_route=\/wp\/v2\/media\/36249"}],"wp:attachment":[{"href":"https:\/\/2horizontes.com\/index.php?rest_route=%2Fwp%2Fv2%2Fmedia&parent=36248"}],"wp:term":[{"taxonomy":"category","embeddable":true,"href":"https:\/\/2horizontes.com\/index.php?rest_route=%2Fwp%2Fv2%2Fcategories&post=36248"},{"taxonomy":"post_tag","embeddable":true,"href":"https:\/\/2horizontes.com\/index.php?rest_route=%2Fwp%2Fv2%2Ftags&post=36248"}],"curies":[{"name":"wp","href":"https:\/\/api.w.org\/{rel}","templated":true}]}}