{"id":36245,"date":"2015-12-15T14:51:37","date_gmt":"2015-12-15T13:51:37","guid":{"rendered":"http:\/\/2horizontes.com\/?p=36245"},"modified":"2015-12-15T14:51:37","modified_gmt":"2015-12-15T13:51:37","slug":"cancelan-policias-vinculados-en-muerte-del-supuesto-delincuente-en-santiago-rd","status":"publish","type":"post","link":"https:\/\/2horizontes.com\/?p=36245","title":{"rendered":"Cancelan policias vinculados en muerte del supuesto delincuente en Santiago RD"},"content":{"rendered":"<p>RD- SANTIAGO-La Jefatura de la Polic\u00eda cancel\u00f3 a tres agentes vinculados al Abisglenis Gonz\u00e1lez Silverio (El\u00a0Cac\u00fa), ultimado el pasado domingo durante un enfrentamiento con miembros de la uniformada.<\/p>\n<p>Los polic\u00edas cancelados, pertenec\u00edan a la direcci\u00f3n Cibao Central, alegadamente informaban a El Cac\u00fa de los planes para capturarlo.<\/p>\n<p>A pesar de la complicidad de los tres rasos con la banda del individuo abatido, quien junto a otro conocido como Radelkis, ten\u00edan en zozobra\u00a0comunidades de la parte Norte de Santiago, no se inform\u00f3 si ser\u00e1n sometidos a la justicia.<\/p>\n<p>Los agentes formaban parte de la Polic\u00eda Preventiva. Hasta el momento la Direcci\u00f3n Cibao Central no ha dado a conocer los nombres de los rasos cancelados.<\/p>\n<p>El Cac\u00fa fue abatido cuando enfrent\u00f3 a tiros a los polic\u00edas que le montaron un cerco, despu\u00e9s de que \u00e9ste se hab\u00eda robado dos motores. Adem\u00e1s tenia \u00a0en su historial varios cr\u00edmenes.<\/p>\n<p>&nbsp;<\/p>\n","protected":false},"excerpt":{"rendered":"<p>RD- SANTIAGO-La Jefatura de la Polic\u00eda cancel\u00f3 a tres agentes vinculados al Abisglenis Gonz\u00e1lez Silverio (El\u00a0Cac\u00fa), ultimado el pasado domingo durante un enfrentamiento con miembros de la uniformada. Los polic\u00edas cancelados, pertenec\u00edan a la direcci\u00f3n Cibao Central, alegadamente informaban a El Cac\u00fa de los planes para capturarlo. A pesar de la complicidad de los tres [&hellip;]<\/p>\n","protected":false},"author":8,"featured_media":36195,"comment_status":"open","ping_status":"open","sticky":false,"template":"","format":"standard","meta":{"footnotes":""},"categories":[53,44],"tags":[],"class_list":["post-36245","post","type-post","status-publish","format-standard","has-post-thumbnail","hentry","category-provincias","category-republica-dominicana"],"_links":{"self":[{"href":"https:\/\/2horizontes.com\/index.php?rest_route=\/wp\/v2\/posts\/36245","targetHints":{"allow":["GET"]}}],"collection":[{"href":"https:\/\/2horizontes.com\/index.php?rest_route=\/wp\/v2\/posts"}],"about":[{"href":"https:\/\/2horizontes.com\/index.php?rest_route=\/wp\/v2\/types\/post"}],"author":[{"embeddable":true,"href":"https:\/\/2horizontes.com\/index.php?rest_route=\/wp\/v2\/users\/8"}],"replies":[{"embeddable":true,"href":"https:\/\/2horizontes.com\/index.php?rest_route=%2Fwp%2Fv2%2Fcomments&post=36245"}],"version-history":[{"count":1,"href":"https:\/\/2horizontes.com\/index.php?rest_route=\/wp\/v2\/posts\/36245\/revisions"}],"predecessor-version":[{"id":36258,"href":"https:\/\/2horizontes.com\/index.php?rest_route=\/wp\/v2\/posts\/36245\/revisions\/36258"}],"wp:featuredmedia":[{"embeddable":true,"href":"https:\/\/2horizontes.com\/index.php?rest_route=\/wp\/v2\/media\/36195"}],"wp:attachment":[{"href":"https:\/\/2horizontes.com\/index.php?rest_route=%2Fwp%2Fv2%2Fmedia&parent=36245"}],"wp:term":[{"taxonomy":"category","embeddable":true,"href":"https:\/\/2horizontes.com\/index.php?rest_route=%2Fwp%2Fv2%2Fcategories&post=36245"},{"taxonomy":"post_tag","embeddable":true,"href":"https:\/\/2horizontes.com\/index.php?rest_route=%2Fwp%2Fv2%2Ftags&post=36245"}],"curies":[{"name":"wp","href":"https:\/\/api.w.org\/{rel}","templated":true}]}}