{"id":36227,"date":"2015-12-14T22:25:09","date_gmt":"2015-12-14T21:25:09","guid":{"rendered":"http:\/\/2horizontes.com\/?p=36227"},"modified":"2015-12-14T22:25:09","modified_gmt":"2015-12-14T21:25:09","slug":"se-entrega-supuesto-matador-de-militante-del-pld-en-santiago-rd","status":"publish","type":"post","link":"https:\/\/2horizontes.com\/?p=36227","title":{"rendered":"Se entrega supuesto matador de militante del PLD en Santiago RD"},"content":{"rendered":"<p><strong>RD-SANTIAGO<\/strong>.- Santiago Vargas Silverio, alias Elvis, acusado de ultimar a tiros ayer al militante del Partido de la Liberaci\u00f3n Dominicana (PLD) Erasmo Antonio Medina Espinal, de 39 a\u00f1os, en el centro de votaci\u00f3n del barrio Los Ciruelitos de la ciudad de Santiago, se entreg\u00f3 hoy, lunes, a la Polic\u00eda.<\/p>\n<p>Medina Espinal muri\u00f3 tras una supuesta discusi\u00f3n entre seguidores del presidente de la C\u00e1mara de Diputados, Abel Mart\u00ednez, quien aspira a la candidatura a la Alcald\u00eda de Santiago, y de su contendiente Ram\u00f3n (Monchy) Rodr\u00edguez, administrador de los Comedores Econ\u00f3micos.<\/p>\n<p>Precisamente, Mart\u00ednez se\u00f1ala a Vargas Silverio como el autor de los disparos que cobraron la vida a Medina Espinal e, incluso, dijo ayer tras los hechos que \u00e9l hab\u00eda advertido a las autoridades de la Polic\u00eda de Santiago que ten\u00eda informes de que la persona que habr\u00eda cometido el homicidio iba a boicotear el proceso interno del PLD.<\/p>\n<p>Vargas Silverio se traslad\u00f3 a la sede de la Polic\u00eda en Santiago, donde fue recibido por agentes y un fiscal.<\/p>\n<p>En las primarias del PLD tambi\u00e9n muri\u00f3 Gerald P\u00e9rez P\u00e9rez, de 31 a\u00f1os, quien fue tiroteado en la comunidad de Pescader\u00eda, en la provincia de Barahona, supuestamente por Rodolfo P\u00e9rez Garc\u00eda, hijo del alcalde del lugar.<\/p>\n<p>P\u00e9rez Garc\u00eda ya se encuentra detenido, seg\u00fan inform\u00f3 hoy el vocero de la Polic\u00eda, M\u00e1ximo B\u00e1ez Aybar.<\/p>\n<p>Al detenido supuestamente se le ocup\u00f3 una pistola marca Tauro TAS 28200, con la cual se le habr\u00eda causado las heridas mortales a P\u00e9rez.<\/p>\n<p>&nbsp;<\/p>\n","protected":false},"excerpt":{"rendered":"<p>RD-SANTIAGO.- Santiago Vargas Silverio, alias Elvis, acusado de ultimar a tiros ayer al militante del Partido de la Liberaci\u00f3n Dominicana (PLD) Erasmo Antonio Medina Espinal, de 39 a\u00f1os, en el centro de votaci\u00f3n del barrio Los Ciruelitos de la ciudad de Santiago, se entreg\u00f3 hoy, lunes, a la Polic\u00eda. Medina Espinal muri\u00f3 tras una supuesta [&hellip;]<\/p>\n","protected":false},"author":8,"featured_media":33232,"comment_status":"open","ping_status":"open","sticky":false,"template":"","format":"standard","meta":{"footnotes":""},"categories":[43,53,44],"tags":[],"class_list":["post-36227","post","type-post","status-publish","format-standard","has-post-thumbnail","hentry","category-politica","category-provincias","category-republica-dominicana"],"_links":{"self":[{"href":"https:\/\/2horizontes.com\/index.php?rest_route=\/wp\/v2\/posts\/36227","targetHints":{"allow":["GET"]}}],"collection":[{"href":"https:\/\/2horizontes.com\/index.php?rest_route=\/wp\/v2\/posts"}],"about":[{"href":"https:\/\/2horizontes.com\/index.php?rest_route=\/wp\/v2\/types\/post"}],"author":[{"embeddable":true,"href":"https:\/\/2horizontes.com\/index.php?rest_route=\/wp\/v2\/users\/8"}],"replies":[{"embeddable":true,"href":"https:\/\/2horizontes.com\/index.php?rest_route=%2Fwp%2Fv2%2Fcomments&post=36227"}],"version-history":[{"count":1,"href":"https:\/\/2horizontes.com\/index.php?rest_route=\/wp\/v2\/posts\/36227\/revisions"}],"predecessor-version":[{"id":36228,"href":"https:\/\/2horizontes.com\/index.php?rest_route=\/wp\/v2\/posts\/36227\/revisions\/36228"}],"wp:featuredmedia":[{"embeddable":true,"href":"https:\/\/2horizontes.com\/index.php?rest_route=\/wp\/v2\/media\/33232"}],"wp:attachment":[{"href":"https:\/\/2horizontes.com\/index.php?rest_route=%2Fwp%2Fv2%2Fmedia&parent=36227"}],"wp:term":[{"taxonomy":"category","embeddable":true,"href":"https:\/\/2horizontes.com\/index.php?rest_route=%2Fwp%2Fv2%2Fcategories&post=36227"},{"taxonomy":"post_tag","embeddable":true,"href":"https:\/\/2horizontes.com\/index.php?rest_route=%2Fwp%2Fv2%2Ftags&post=36227"}],"curies":[{"name":"wp","href":"https:\/\/api.w.org\/{rel}","templated":true}]}}