{"id":36190,"date":"2015-12-14T16:34:46","date_gmt":"2015-12-14T15:34:46","guid":{"rendered":"http:\/\/2horizontes.com\/?p=36190"},"modified":"2015-12-14T16:34:46","modified_gmt":"2015-12-14T15:34:46","slug":"apresan-un-extrangero-acusado-de-raptar-joven-de-17-anos-en-puerto-plata-rd","status":"publish","type":"post","link":"https:\/\/2horizontes.com\/?p=36190","title":{"rendered":"Apresan un extrangero acusado de raptar joven de 17 a\u00f1os en Puerto Plata RD"},"content":{"rendered":"<article class=\"contenidoArticulo\">\n<div class=\"cuerpoNoticia\">\n<p>RD- PUERTO PLATA-La Polic\u00eda Nacional inform\u00f3 este lunes que apres\u00f3 a un extranjero se\u00f1alado por supuesto rapto de una joven de 17 a\u00f1os en Puerto Plata.<\/p>\n<p>El detenido fue identificado como Alexander Kristhy, de 59 a\u00f1os, de nacionalidad americana residente en la calle Las Perlas, n\u00famero 2 de la urbanizaci\u00f3n Coca Cola, en tanto que se omite el nombre de la menor por razones legales.<\/p>\n<p>De acuerdo con la Polic\u00eda, la v\u00edctima afirm\u00f3 que sali\u00f3 con su agresor hacia un restaurante y de una forma brusca se la llev\u00f3 para la casa de \u00e9ste ocasion\u00e1ndole laceraciones y reteni\u00e9ndola contra su voluntad.<\/p>\n<p>La Polic\u00eda precis\u00f3 que el detenido fue enviado a la justicia v\u00eda el Ministerio P\u00fablico para que se le conozca medida de coerci\u00f3n.<\/p>\n<\/div>\n<\/article>\n<p>&nbsp;<\/p>\n","protected":false},"excerpt":{"rendered":"<p>RD- PUERTO PLATA-La Polic\u00eda Nacional inform\u00f3 este lunes que apres\u00f3 a un extranjero se\u00f1alado por supuesto rapto de una joven de 17 a\u00f1os en Puerto Plata. El detenido fue identificado como Alexander Kristhy, de 59 a\u00f1os, de nacionalidad americana residente en la calle Las Perlas, n\u00famero 2 de la urbanizaci\u00f3n Coca Cola, en tanto que [&hellip;]<\/p>\n","protected":false},"author":8,"featured_media":36192,"comment_status":"open","ping_status":"open","sticky":false,"template":"","format":"standard","meta":{"footnotes":""},"categories":[53,44],"tags":[],"class_list":["post-36190","post","type-post","status-publish","format-standard","has-post-thumbnail","hentry","category-provincias","category-republica-dominicana"],"_links":{"self":[{"href":"https:\/\/2horizontes.com\/index.php?rest_route=\/wp\/v2\/posts\/36190","targetHints":{"allow":["GET"]}}],"collection":[{"href":"https:\/\/2horizontes.com\/index.php?rest_route=\/wp\/v2\/posts"}],"about":[{"href":"https:\/\/2horizontes.com\/index.php?rest_route=\/wp\/v2\/types\/post"}],"author":[{"embeddable":true,"href":"https:\/\/2horizontes.com\/index.php?rest_route=\/wp\/v2\/users\/8"}],"replies":[{"embeddable":true,"href":"https:\/\/2horizontes.com\/index.php?rest_route=%2Fwp%2Fv2%2Fcomments&post=36190"}],"version-history":[{"count":1,"href":"https:\/\/2horizontes.com\/index.php?rest_route=\/wp\/v2\/posts\/36190\/revisions"}],"predecessor-version":[{"id":36193,"href":"https:\/\/2horizontes.com\/index.php?rest_route=\/wp\/v2\/posts\/36190\/revisions\/36193"}],"wp:featuredmedia":[{"embeddable":true,"href":"https:\/\/2horizontes.com\/index.php?rest_route=\/wp\/v2\/media\/36192"}],"wp:attachment":[{"href":"https:\/\/2horizontes.com\/index.php?rest_route=%2Fwp%2Fv2%2Fmedia&parent=36190"}],"wp:term":[{"taxonomy":"category","embeddable":true,"href":"https:\/\/2horizontes.com\/index.php?rest_route=%2Fwp%2Fv2%2Fcategories&post=36190"},{"taxonomy":"post_tag","embeddable":true,"href":"https:\/\/2horizontes.com\/index.php?rest_route=%2Fwp%2Fv2%2Ftags&post=36190"}],"curies":[{"name":"wp","href":"https:\/\/api.w.org\/{rel}","templated":true}]}}