{"id":3613,"date":"2015-03-19T12:00:33","date_gmt":"2015-03-19T12:00:33","guid":{"rendered":"http:\/\/2horizontes.com\/?p=3613"},"modified":"2015-03-19T12:00:33","modified_gmt":"2015-03-19T12:00:33","slug":"el-atentado-en-tunez-que-enluta-a-una-familia-colombiana","status":"publish","type":"post","link":"https:\/\/2horizontes.com\/?p=3613","title":{"rendered":"El atentado en T\u00fanez que enluta a una familia colombiana"},"content":{"rendered":"<p>Entre las 19 personas asesinadas estaban dos colombianos que disfrutaban de un crucero.<\/p>\n<p><a href=\"http:\/\/2horizontes.com\/wp-content\/uploads\/2015\/03\/yu.jpg\"><img loading=\"lazy\" decoding=\"async\" src=\"http:\/\/2horizontes.com\/wp-content\/uploads\/2015\/03\/yu-300x150.jpg\" alt=\"yu\" width=\"300\" height=\"150\" class=\"alignleft size-medium wp-image-3614\" srcset=\"https:\/\/2horizontes.com\/wp-content\/uploads\/2015\/03\/yu-300x150.jpg 300w, https:\/\/2horizontes.com\/wp-content\/uploads\/2015\/03\/yu-510x255.jpg 510w, https:\/\/2horizontes.com\/wp-content\/uploads\/2015\/03\/yu.jpg 600w\" sizes=\"auto, (max-width: 300px) 100vw, 300px\" \/><\/a><\/p>\n<p>Con un impecable traje oscuro, camisa blanca y corbata verde, Javier Arturo Camelo, de 29 a\u00f1os, recibi\u00f3 el pasado 13 de marzo su MBA del IE Business School en Espa\u00f1a.<\/p>\n<p>Su padre, el general retirado Jos\u00e9 Arturo Camelo, y su madre, Miriam Mart\u00ednez, como era tradici\u00f3n en los momentos importantes, lo acompa\u00f1aron en la ceremonia. La hab\u00eda anunciado en su perfil de Facebook \u2013porque iba a transmitirse en vivo\u2013 e invitaba a sus amigos a acompa\u00f1arlo.<\/p>\n<p>Adjuntaba el horario de Madrid, la ciudad donde recib\u00eda su t\u00edtulo; el de Londres (Inglaterra), donde viv\u00eda y trabajaba; el de Bogot\u00e1, donde se cri\u00f3 y estudi\u00f3, y el de S\u00eddney (Australia), donde hab\u00eda hecho un m\u00e1ster en sistemas de informaci\u00f3n de negocios.<\/p>\n<p>Tras la celebraci\u00f3n por su logro, que lo llenaba de orgullo, ten\u00eda planeado tomar unas vacaciones con su familia. Se embarcaron en un crucero por el Mediterr\u00e1neo, a bordo del MSC Splendida. Pararon en G\u00e9nova (Italia) y el martes pasaron por Palermo.<\/p>\n<p>Este mi\u00e9rcoles hab\u00edan llegado a T\u00fanez (norte de \u00c1frica), y decidieron visitar el Museo del Bardo, uno de los m\u00e1s famosos de la capital.<\/p>\n<p>Ah\u00ed, justo en ese momento, se desat\u00f3 el tiroteo cuando un grupo de terroristas uniformados intent\u00f3 entrar al Parlamento. Como no lo lograron, dispararon contra los buses de turistas que descend\u00edan para ingresar al museo y tomaron rehenes.<\/p>\n<p>En el cruce de disparos, Javier, junto con su madre, Miriam Mart\u00ednez, perdieron la vida. Su padre, Jos\u00e9 Arturo, sali\u00f3 milagrosamente ileso.<\/p>\n<p>Vida militar<\/p>\n<p>Miriam Mart\u00ednez de Camelo fue teniente del Ej\u00e9rcito, donde estuvo cuatro a\u00f1os, y actualmente se desempe\u00f1aba como odont\u00f3loga de Sanidad Militar, en la especialidad de odontopediatr\u00eda.<\/p>\n<p>Javier, hijo mayor de la familia Camelo Mart\u00ednez, trabajaba como analista de negocio para American Express, en el Reino Unido.<\/p>\n<p>Graduado de Finanzas y Relaciones Internacionales de la Universidad Externado de Colombia, continu\u00f3 su formaci\u00f3n en Australia y Espa\u00f1a, donde curs\u00f3 maestr\u00edas. Quienes lo conocieron se\u00f1alan que desde el colegio fue un destacado estudiante, a quien le apasionaba viajar.<\/p>\n<p>Desde hace cinco a\u00f1os el general (r.) Camelo Pi\u00f1eros, exdirector ejecutivo de la Justicia Penal Militar, se desempe\u00f1a como decano de la Facultad de Derecho de la Escuela Militar de Cadetes General Jos\u00e9 Mar\u00eda C\u00f3rdova. Adem\u00e1s, es consejero, desde el 2007, de la Asociaci\u00f3n Internacional de Justicias Militares.<\/p>\n<p>La condena internacional fue un\u00e1nime. El secretario general de la ONU, Ban Ki-moon, conden\u00f3 en \u201clos m\u00e1s duros t\u00e9rminos\u201d el ataque. Adem\u00e1s expres\u00f3 su p\u00e9same a las v\u00edctimas por este \u201cdeplorable acto\u201d y tambi\u00e9n su solidaridad con las autoridades y el pueblo de T\u00fanez.<\/p>\n<p>El Gobierno de EE. UU. tambi\u00e9n expres\u00f3 su solidaridad. El secretario de Estado, John Kerry, conden\u00f3 de la manera \u201cm\u00e1s contundente posible el atroz ataque\u201d.<\/p>\n<p>Por otro lado, el jefe de la diplomacia estadounidense aplaudi\u00f3 la \u201cr\u00e1pida respuesta\u201d de las autoridades ante el atentado, que calific\u00f3 de \u201cviolencia gratuita\u201d, y \u201csus esfuerzos para resolver la toma de rehenes y restaurar la calma\u201d. Kerry indic\u00f3 que sigue del lado del pueblo tunecino.<\/p>\n<p>Al momento del ataque debat\u00edan la ley antiterrorista en el parlamento<\/p>\n<p>Cuando los guardias del parlamento de T\u00fanez se dieron cuenta de que las armas que portaban tres hombres que pretend\u00edan entrar este mi\u00e9rcoles uniformados al recinto no eran las reglamentarias y los interceptaron, se desat\u00f3 un tiroteo que termin\u00f3 sumiendo en la tragedia a varios pa\u00edses \u2013entre ellos Colombia\u2013 que condenaron lo que muchos calificaron como un atroz y cobarde acto de terrorismo.<\/p>\n<p>Los atacantes, cuya identidad o filiaci\u00f3n a alg\u00fan grupo se desconoc\u00eda hasta este mi\u00e9rcoles en la noche, empezaron a disparar entonces contra los buses de los que bajaban los turistas que se aprestaban a visitar el contiguo museo del Bardo, muchos de ellos provenientes de un crucero por el Mediterr\u00e1neo.<\/p>\n<p>Al final de la tarde, en el cruce de disparos, murieron 19 personas, entre ellas 17 turistas extranjeros (4 italianos, 1 franc\u00e9s, 2 colombianos, 5 japoneses, 1 polaco, 1 australiano y 2 espa\u00f1oles, y queda otra v\u00edctima sin identificar) y dos tunecinos (un polic\u00eda y un conductor de autob\u00fas), adem\u00e1s de dos terroristas que participaron en el atentado.<\/p>\n<p>\u201cComenzaron a disparar contra los turistas cuando se bajaban de los autobuses (&#8230;) No pod\u00eda ver nada excepto sangre y muertos\u201d, dijo el conductor de uno de los veh\u00edculos. Decenas de visitantes huyeron hacia el interior del museo y los milicianos tomaron rehenes en el edificio.<\/p>\n<p>Una empleada del museo, visiblemente asustada, dijo haber o\u00eddo \u201cintensos disparos\u201d hacia mediod\u00eda. \u201cMis colegas gritaron: \u201c\u00a1Huye, huye, hay disparos!\u201d, declar\u00f3 Dhouha Belhaj Alaya. \u201cNos escapamos por la puerta de atr\u00e1s con colegas y turistas\u201d, agreg\u00f3.<\/p>\n<p>La diputada Sayida Ounissi cont\u00f3 que cuando se oyeron los disparos desde el parlamento, \u201cen plena audici\u00f3n de las fuerzas armadas sobre la ley antiterrorista\u201d, con la presencia, entre otros, del ministro de Justicia, jueces y varios mandos militares, cundi\u00f3 un \u201cp\u00e1nico\u201d que calific\u00f3 de \u201cenorme\u201d. Muchos de los diputados entonaron en medio de los disparos el himno nacional, se inform\u00f3.<\/p>\n<p>Las fuerzas de seguridad ingresaron al antiguo palacio, hoy museo, unas dos horas despu\u00e9s. Mataron a dos milicianos y liberaron a otros turistas que hab\u00edan sido tomados como rehenes, dijo un portavoz del Gobierno. En un discurso, el primer ministro Essid dijo: \u201cTodos los tunecinos debemos unirnos detr\u00e1s de este ataque que pretend\u00eda destruir la econom\u00eda tunecina\u201d.<\/p>\n<p>El ataque contra un blanco de tan alto perfil es un golpe para el peque\u00f1o pa\u00eds norafricano, que depende en gran parte del turismo y hab\u00eda evitado casi por completo la violencia militante desde el levantamiento del 2011 para derrocar al aut\u00f3crata Zine El-Abidine Ben Ali.<\/p>\n<p>Aquel levantamiento de T\u00fanez inspir\u00f3 las revueltas de la \u2018Primavera \u00c1rabe\u2019 en Libia, Egipto, Siria y Yemen. La adopci\u00f3n de una nueva Constituci\u00f3n y unas elecciones mayoritariamente pac\u00edficas ganaron elogios y fueron un marcado contraste del caos que ha azotado a los otros pa\u00edses.<\/p>\n<p>Ebullici\u00f3n yihadista tras la \u2018Primavera\u2019<\/p>\n<p>Desde la \u2018Primavera \u00e1rabe\u2019 varios grupos islamistas han surgido en T\u00fanez, en particular en las \u00e1reas de frontera con Argelia, y se tienen datos de que unos 3.000 tunecinos se han unido a combatientes en Irak y Siria como parte del grupo Estado Isl\u00e1mico.<\/p>\n<p>El pasado martes, un l\u00edder de la organizaci\u00f3n salafista Ansar al Sharia difundi\u00f3 un video en el que afirmaba que \u201calgunos acontecimientos suceder\u00edan en estos d\u00edas\u201d, por lo que se cree que este grupo podr\u00eda tener responsabilidad.<\/p>\n<p>T\u00fanez combate desde hace semanas a grupos terroristas de la regi\u00f3n de Kasserin, una zona monta\u00f1osa donde se atrincheran radicales provenientes de todos los pa\u00edses del Sahel, vinculados con la Organizaci\u00f3n Al Qaeda en el Magreb, Ansar al Saharia y el propio Estado Isl\u00e1mico.<\/p>\n<p>No es la primera vez que turistas colombianos pierden la vida en pa\u00edses \u00e1rabes. El precedente m\u00e1s reciente se dio en Luxor (Egipto) cuando milicianos del grupo Al-Gama\u2019a al-Islamiyya, atacaron el 17 de noviembre de 1997 en cercan\u00edas del sitio arqueol\u00f3gico y provocaron la muerte de 72 personas, entre ellas una pareja de esposos colombianos.<\/p>\n<p>Santos se solidariza con familiares de las v\u00edctimas<\/p>\n<p>El presidente de Colombia, Juan Manuel Santos, a trav\u00e9s de su cuenta de Twitter, manifest\u00f3: \u201cLamentamos muerte de dos colombianos en T\u00fanez y ofrecemos condolencias a su familia. @CancilleriaCol est\u00e1 trabajando en su repatriaci\u00f3n\u201d.<\/p>\n<p>Por su parte el Ministerio de Relaciones Exteriores, en nombre del Gobierno de Colombia, expres\u00f3 sus m\u00e1s sentidas condolencias a los familiares y amigos de los dos colombianos que perdieron la vida en el atentado terrorista.<\/p>\n<p>Adem\u00e1s, asegur\u00f3 que en las pr\u00f3ximas horas funcionarios de la embajada de Colombia en Argelia, cuya secci\u00f3n consular tiene la circunscripci\u00f3n para T\u00fanez, viajar\u00e1n a dicho pa\u00eds para encargarse del proceso de repatriaci\u00f3n de los cuerpos de las v\u00edctimas en coordinaci\u00f3n con Espa\u00f1a.<\/p>\n","protected":false},"excerpt":{"rendered":"<p>Entre las 19 personas asesinadas estaban dos colombianos que disfrutaban de un crucero. Con un impecable traje oscuro, camisa blanca y corbata verde, Javier Arturo Camelo, de 29 a\u00f1os, recibi\u00f3 el pasado 13 de marzo su MBA del IE Business School en Espa\u00f1a. Su padre, el general retirado Jos\u00e9 Arturo Camelo, y su madre, Miriam [&hellip;]<\/p>\n","protected":false},"author":1,"featured_media":0,"comment_status":"open","ping_status":"open","sticky":false,"template":"","format":"standard","meta":{"footnotes":""},"categories":[1],"tags":[],"class_list":["post-3613","post","type-post","status-publish","format-standard","hentry","category-entretenimiento"],"_links":{"self":[{"href":"https:\/\/2horizontes.com\/index.php?rest_route=\/wp\/v2\/posts\/3613","targetHints":{"allow":["GET"]}}],"collection":[{"href":"https:\/\/2horizontes.com\/index.php?rest_route=\/wp\/v2\/posts"}],"about":[{"href":"https:\/\/2horizontes.com\/index.php?rest_route=\/wp\/v2\/types\/post"}],"author":[{"embeddable":true,"href":"https:\/\/2horizontes.com\/index.php?rest_route=\/wp\/v2\/users\/1"}],"replies":[{"embeddable":true,"href":"https:\/\/2horizontes.com\/index.php?rest_route=%2Fwp%2Fv2%2Fcomments&post=3613"}],"version-history":[{"count":1,"href":"https:\/\/2horizontes.com\/index.php?rest_route=\/wp\/v2\/posts\/3613\/revisions"}],"predecessor-version":[{"id":3615,"href":"https:\/\/2horizontes.com\/index.php?rest_route=\/wp\/v2\/posts\/3613\/revisions\/3615"}],"wp:attachment":[{"href":"https:\/\/2horizontes.com\/index.php?rest_route=%2Fwp%2Fv2%2Fmedia&parent=3613"}],"wp:term":[{"taxonomy":"category","embeddable":true,"href":"https:\/\/2horizontes.com\/index.php?rest_route=%2Fwp%2Fv2%2Fcategories&post=3613"},{"taxonomy":"post_tag","embeddable":true,"href":"https:\/\/2horizontes.com\/index.php?rest_route=%2Fwp%2Fv2%2Ftags&post=3613"}],"curies":[{"name":"wp","href":"https:\/\/api.w.org\/{rel}","templated":true}]}}