{"id":36085,"date":"2015-12-12T17:37:01","date_gmt":"2015-12-12T16:37:01","guid":{"rendered":"http:\/\/2horizontes.com\/?p=36085"},"modified":"2015-12-12T17:37:01","modified_gmt":"2015-12-12T16:37:01","slug":"espana-trabaja-para-repatriar-lo-antes-posible-a-policias-muertos-en-kabul","status":"publish","type":"post","link":"https:\/\/2horizontes.com\/?p=36085","title":{"rendered":"Espa\u00f1a trabaja para repatriar lo antes posible a polic\u00edas muertos en Kabul"},"content":{"rendered":"<div id=\"ArticleAuthorDiv\" class=\"article-body-author\"><b>EFE<\/b><\/div>\n<div id=\"ArticleSourceDiv\" class=\"article-body-author\"><b>Cartagena (Colombia)<\/b><\/div>\n<div id=\"ArticleBody\">\n<p>El ministro espa\u00f1ol de Asuntos Exteriores, Jos\u00e9 Manuel Garc\u00eda-Margallo, asegur\u00f3 hoy que se est\u00e1 trabajando para acelerar los tr\u00e1mites para repatriar a los dos polic\u00edas espa\u00f1oles muertos en Kabul y garantiz\u00f3 que la embajada ten\u00eda todas las medidas de seguridad que se pod\u00edan adoptar.<\/p>\n<p>En declaraciones a los periodistas nada m\u00e1s aterrizar en Cartagena de Indias, donde hoy participa en una reuni\u00f3n ministerial iberoamericana, Garc\u00eda-Margallo traslad\u00f3 su p\u00e9same a la familia del segundo polic\u00eda muerto a consecuencia del atentado terrorista perpetrado el viernes en Kabul cerca de la embajada de Espa\u00f1a.<\/p>\n<p>Tras reiterar que el ataque no se produjo contra la legaci\u00f3n espa\u00f1ola en la capital afgana, el titular de Exteriores dijo que \u00e9sta sufri\u00f3 desperfectos y que est\u00e1 bajo custodia de las fuerzas afganas y a\u00f1adi\u00f3 que el segundo polic\u00eda muerto se encontraba en el edifico de viviendas del complejo cuando se produjo el ataque.<\/p>\n<p>Este complejo, explic\u00f3 el titular de Exteriores, comprende la embajada espa\u00f1ola y dos edificios de viviendas en los que se alojaban los funcionarios, a excepci\u00f3n del embajador.<\/p>\n<p>\u00abAl parecer el polic\u00eda se qued\u00f3 en el edificio de viviendas cuando se produjo el ataque y falleci\u00f3\u00bb, apunt\u00f3 Garc\u00eda-Margallo, quien no pudo precisar las causas de la muerte.<\/p>\n<p>El subinspector de la Polic\u00eda Nacional Jorge Garcia Tudela, residente en Granada (sur de Espa\u00f1a), muri\u00f3 esta madrugada como consecuencia del atentado terrorista, con lo que se eleva a dos la cifra de v\u00edctimas mortales espa\u00f1olas.<\/p>\n<p>El otro fallecido en el atentado talib\u00e1n contra una casa de hu\u00e9spedes extranjera cercana a la legaci\u00f3n diplom\u00e1tica espa\u00f1ola fue el polic\u00eda Isidro Gabino Sanmart\u00edn Hern\u00e1ndez, de 48 a\u00f1os, quien muri\u00f3 el viernes por la tarde.<\/p>\n<p>Todo el personal de la embajada de Espa\u00f1a, entre ellos los funcionarios del Cuerpo Nacional de Polic\u00eda que integran el destacamento de seguridad, fueron evacuados tras una intervenci\u00f3n que se prolong\u00f3 durante varias horas.<\/p>\n<p>Garc\u00eda-Margallo explic\u00f3 que estos espa\u00f1oles se van a alojar en el lugar donde residen las tropas que a\u00fan permanecen en el pa\u00eds y explic\u00f3 que esa salida se produjo una vez constatada la muerte de los dos terroristas que estaban en el lugar.<\/p>\n<p>Para el ministro, ahora lo m\u00e1s urgente es la repatriaci\u00f3n de los cad\u00e1veres en lo que ya est\u00e1 trabajando el subsecretario del departamento y el relevo de los polic\u00edas que estaban en la embajada y que est\u00e1n en \u00abestado de shock\u00bb.<\/p>\n<p>Preguntado si la legaci\u00f3n espa\u00f1ola ten\u00eda insuficientes medidas de seguridad, Garc\u00eda-Margall\u00f3 neg\u00f3 que fuera as\u00ed y garantiz\u00f3 que desde hace mucho tiempo todas las sedes diplom\u00e1ticas tienen las suficientes medidas de seguridad.<\/p>\n<p>En este sentido, explic\u00f3 que el complejo donde resid\u00edan los funcionarios para estar mejor protegidos no contaba con ninguna se\u00f1al distintiva. \u00abNo creo que haya que tomar m\u00e1s medidas de seguridad, se hab\u00edan tomado todas las que se pod\u00edan tomar\u00bb, dijo.<\/p>\n<p>Al menos diez personas, entre ellas los dos polic\u00edas espa\u00f1oles y cuatro agentes afganos, murieron y otras nueve resultaron heridas en el ataque talib\u00e1n en Kabul, al que las fuerzas de seguridad pusieron fin hoy tras casi doce horas de enfrentamientos.<\/p>\n<p>El portavoz del Ministerio de Interior afgano, Sediq Sediqqi, dijo a Efe en Kabul que los tres atacantes que penetraron en el edificio fueron abatidos, mientras que un cuarto insurgente suicida pereci\u00f3 en la explosi\u00f3n de un coche bomba al inicio de la acci\u00f3n.<\/p>\n<p>La operaci\u00f3n, lanzada el viernes por la tarde en un \u00e1rea de alta seguridad que acoge diversas misiones diplom\u00e1ticas extranjeras y edificios gubernamentales, finaliz\u00f3 sobre las 06.00 hora local de este s\u00e1bado (02.30 GTM) cuando las Fuerzas Especiales dieron por \u00abdespejada\u00bb la zona.<\/p>\n<p>Sediqqi explic\u00f3 que un primer atacante suicida hizo detonar un veh\u00edculo cargado de explosivos en el muro de entrada a la casa de hu\u00e9spedes, abriendo camino a los otros tres talibanes, que estaban equipados con armas ligeras y pesadas, incluyendo lanzagranadas.<\/p>\n<p>El presidente del Gobierno espa\u00f1ol, Mariano Rajoy, aclar\u00f3 el viernes que el asalto no fue contra la embajada espa\u00f1ola como se hab\u00eda informado en un primer momento y confirm\u00f3 el fallecimiento de un polic\u00eda de Espa\u00f1a.<\/p>\n<p>Los talibanes reivindicaron la autor\u00eda del ataque al anunciar que algunos de sus militantes hab\u00edan accedido a una \u00abcasa de hu\u00e9spedes\u00bb en la capital afgana, sin mencionar la legaci\u00f3n diplom\u00e1tica espa\u00f1ola.<\/p>\n<\/div>\n","protected":false},"excerpt":{"rendered":"<p>EFE Cartagena (Colombia) El ministro espa\u00f1ol de Asuntos Exteriores, Jos\u00e9 Manuel Garc\u00eda-Margallo, asegur\u00f3 hoy que se est\u00e1 trabajando para acelerar los tr\u00e1mites para repatriar a los dos polic\u00edas espa\u00f1oles muertos en Kabul y garantiz\u00f3 que la embajada ten\u00eda todas las medidas de seguridad que se pod\u00edan adoptar. En declaraciones a los periodistas nada m\u00e1s aterrizar [&hellip;]<\/p>\n","protected":false},"author":7,"featured_media":36086,"comment_status":"open","ping_status":"open","sticky":false,"template":"","format":"standard","meta":{"footnotes":""},"categories":[85,40,43],"tags":[],"class_list":["post-36085","post","type-post","status-publish","format-standard","has-post-thumbnail","hentry","category-espana","category-internacionales","category-politica"],"_links":{"self":[{"href":"https:\/\/2horizontes.com\/index.php?rest_route=\/wp\/v2\/posts\/36085","targetHints":{"allow":["GET"]}}],"collection":[{"href":"https:\/\/2horizontes.com\/index.php?rest_route=\/wp\/v2\/posts"}],"about":[{"href":"https:\/\/2horizontes.com\/index.php?rest_route=\/wp\/v2\/types\/post"}],"author":[{"embeddable":true,"href":"https:\/\/2horizontes.com\/index.php?rest_route=\/wp\/v2\/users\/7"}],"replies":[{"embeddable":true,"href":"https:\/\/2horizontes.com\/index.php?rest_route=%2Fwp%2Fv2%2Fcomments&post=36085"}],"version-history":[{"count":1,"href":"https:\/\/2horizontes.com\/index.php?rest_route=\/wp\/v2\/posts\/36085\/revisions"}],"predecessor-version":[{"id":36087,"href":"https:\/\/2horizontes.com\/index.php?rest_route=\/wp\/v2\/posts\/36085\/revisions\/36087"}],"wp:featuredmedia":[{"embeddable":true,"href":"https:\/\/2horizontes.com\/index.php?rest_route=\/wp\/v2\/media\/36086"}],"wp:attachment":[{"href":"https:\/\/2horizontes.com\/index.php?rest_route=%2Fwp%2Fv2%2Fmedia&parent=36085"}],"wp:term":[{"taxonomy":"category","embeddable":true,"href":"https:\/\/2horizontes.com\/index.php?rest_route=%2Fwp%2Fv2%2Fcategories&post=36085"},{"taxonomy":"post_tag","embeddable":true,"href":"https:\/\/2horizontes.com\/index.php?rest_route=%2Fwp%2Fv2%2Ftags&post=36085"}],"curies":[{"name":"wp","href":"https:\/\/api.w.org\/{rel}","templated":true}]}}