{"id":36040,"date":"2015-12-11T18:46:49","date_gmt":"2015-12-11T17:46:49","guid":{"rendered":"http:\/\/2horizontes.com\/?p=36040"},"modified":"2015-12-11T18:46:49","modified_gmt":"2015-12-11T17:46:49","slug":"empleadas-domesticas-en-piquete-frente-ministerio-trabajo-rd","status":"publish","type":"post","link":"https:\/\/2horizontes.com\/?p=36040","title":{"rendered":"Empleadas dom\u00e9sticas  en piquete frente Ministerio Trabajo RD"},"content":{"rendered":"<p><strong>RD-SANTO DOMINGO- <\/strong>Decenas de empleadas domesticas, apoyadas por la Asociaci\u00f3n Nacional de Trabajadoras del Hogar, realizaron un piquete la ma\u00f1ana de este jueves frente al Ministerio de Trabajo en demanda de que los empleadores les paguen el sueldo 13.<\/p>\n<p>La vocera del colectivo, Elena P\u00e9rez, llam\u00f3 a la ministra de Trabajo, Maritza Hern\u00e1ndez, a que haga valer los derechos de las trabajadoras del hogar, que demandan su regal\u00eda pascual.\u00a0Record\u00f3 que ese derecho est\u00e1 estipulado en los art\u00edculos 219 y 220 del C\u00f3digo de Trabajo, pero que los empleadores del hogar lo quieren desconocer.<\/p>\n<p>Ninguna autoridad recibi\u00f3 a las trabajadoras del hogar, por el contrario, los funcionario competentes no estaban en la instituci\u00f3n, seg\u00fan informaron las demandantes.<\/p>\n","protected":false},"excerpt":{"rendered":"<p>RD-SANTO DOMINGO- Decenas de empleadas domesticas, apoyadas por la Asociaci\u00f3n Nacional de Trabajadoras del Hogar, realizaron un piquete la ma\u00f1ana de este jueves frente al Ministerio de Trabajo en demanda de que los empleadores les paguen el sueldo 13. La vocera del colectivo, Elena P\u00e9rez, llam\u00f3 a la ministra de Trabajo, Maritza Hern\u00e1ndez, a que [&hellip;]<\/p>\n","protected":false},"author":8,"featured_media":36042,"comment_status":"open","ping_status":"open","sticky":false,"template":"","format":"standard","meta":{"footnotes":""},"categories":[63,44],"tags":[],"class_list":["post-36040","post","type-post","status-publish","format-standard","has-post-thumbnail","hentry","category-economia","category-republica-dominicana"],"_links":{"self":[{"href":"https:\/\/2horizontes.com\/index.php?rest_route=\/wp\/v2\/posts\/36040","targetHints":{"allow":["GET"]}}],"collection":[{"href":"https:\/\/2horizontes.com\/index.php?rest_route=\/wp\/v2\/posts"}],"about":[{"href":"https:\/\/2horizontes.com\/index.php?rest_route=\/wp\/v2\/types\/post"}],"author":[{"embeddable":true,"href":"https:\/\/2horizontes.com\/index.php?rest_route=\/wp\/v2\/users\/8"}],"replies":[{"embeddable":true,"href":"https:\/\/2horizontes.com\/index.php?rest_route=%2Fwp%2Fv2%2Fcomments&post=36040"}],"version-history":[{"count":1,"href":"https:\/\/2horizontes.com\/index.php?rest_route=\/wp\/v2\/posts\/36040\/revisions"}],"predecessor-version":[{"id":36043,"href":"https:\/\/2horizontes.com\/index.php?rest_route=\/wp\/v2\/posts\/36040\/revisions\/36043"}],"wp:featuredmedia":[{"embeddable":true,"href":"https:\/\/2horizontes.com\/index.php?rest_route=\/wp\/v2\/media\/36042"}],"wp:attachment":[{"href":"https:\/\/2horizontes.com\/index.php?rest_route=%2Fwp%2Fv2%2Fmedia&parent=36040"}],"wp:term":[{"taxonomy":"category","embeddable":true,"href":"https:\/\/2horizontes.com\/index.php?rest_route=%2Fwp%2Fv2%2Fcategories&post=36040"},{"taxonomy":"post_tag","embeddable":true,"href":"https:\/\/2horizontes.com\/index.php?rest_route=%2Fwp%2Fv2%2Ftags&post=36040"}],"curies":[{"name":"wp","href":"https:\/\/api.w.org\/{rel}","templated":true}]}}