{"id":36025,"date":"2015-12-11T18:03:30","date_gmt":"2015-12-11T17:03:30","guid":{"rendered":"http:\/\/2horizontes.com\/?p=36025"},"modified":"2015-12-11T18:03:30","modified_gmt":"2015-12-11T17:03:30","slug":"ninos-disfrutan-de-fiesta-navidena-en-el-hospital-de-los-mina-rd","status":"publish","type":"post","link":"https:\/\/2horizontes.com\/?p=36025","title":{"rendered":"Ni\u00f1os disfrutan de fiesta navide\u00f1a en el hospital de Los Mina RD"},"content":{"rendered":"<p>RD- SANTO DOMINGO- Decenas de ni\u00f1os ingresados y que reciben atenci\u00f3n m\u00e9dica en el Hospital Materno Infantil San Lorenzo de Los Mina olvidaron sus dolencias y disfrutaron de m\u00fasica, regalos, golosinas y de personajes infantiles, durante su tradicional fiesta de Navidad que organiza el departamento de pediatr\u00eda del hospital.<\/p>\n<p>Los ni\u00f1os y sus padres disfrutaron de un show de villancicos, pantomimas, bailes, payasos, grupo de danza infantil y de la entrega de juguetes, entre otras actividades.<\/p>\n<p>El director del hospital, doctor V\u00edctor Calder\u00f3n, dijo que el prop\u00f3sito de la actividad es llevar alegr\u00eda y un momento de risas y felicidad para los ni\u00f1os que han perdido la salud y que reciben atenci\u00f3n m\u00e9dica en el hospital.<\/p>\n<p>Al evento se integraron los m\u00e9dicos residentes de pediatr\u00eda as\u00ed como especialistas.<\/p>\n","protected":false},"excerpt":{"rendered":"<p>RD- SANTO DOMINGO- Decenas de ni\u00f1os ingresados y que reciben atenci\u00f3n m\u00e9dica en el Hospital Materno Infantil San Lorenzo de Los Mina olvidaron sus dolencias y disfrutaron de m\u00fasica, regalos, golosinas y de personajes infantiles, durante su tradicional fiesta de Navidad que organiza el departamento de pediatr\u00eda del hospital. Los ni\u00f1os y sus padres disfrutaron [&hellip;]<\/p>\n","protected":false},"author":8,"featured_media":36026,"comment_status":"open","ping_status":"open","sticky":false,"template":"","format":"standard","meta":{"footnotes":""},"categories":[44,45],"tags":[],"class_list":["post-36025","post","type-post","status-publish","format-standard","has-post-thumbnail","hentry","category-republica-dominicana","category-salud"],"_links":{"self":[{"href":"https:\/\/2horizontes.com\/index.php?rest_route=\/wp\/v2\/posts\/36025","targetHints":{"allow":["GET"]}}],"collection":[{"href":"https:\/\/2horizontes.com\/index.php?rest_route=\/wp\/v2\/posts"}],"about":[{"href":"https:\/\/2horizontes.com\/index.php?rest_route=\/wp\/v2\/types\/post"}],"author":[{"embeddable":true,"href":"https:\/\/2horizontes.com\/index.php?rest_route=\/wp\/v2\/users\/8"}],"replies":[{"embeddable":true,"href":"https:\/\/2horizontes.com\/index.php?rest_route=%2Fwp%2Fv2%2Fcomments&post=36025"}],"version-history":[{"count":1,"href":"https:\/\/2horizontes.com\/index.php?rest_route=\/wp\/v2\/posts\/36025\/revisions"}],"predecessor-version":[{"id":36027,"href":"https:\/\/2horizontes.com\/index.php?rest_route=\/wp\/v2\/posts\/36025\/revisions\/36027"}],"wp:featuredmedia":[{"embeddable":true,"href":"https:\/\/2horizontes.com\/index.php?rest_route=\/wp\/v2\/media\/36026"}],"wp:attachment":[{"href":"https:\/\/2horizontes.com\/index.php?rest_route=%2Fwp%2Fv2%2Fmedia&parent=36025"}],"wp:term":[{"taxonomy":"category","embeddable":true,"href":"https:\/\/2horizontes.com\/index.php?rest_route=%2Fwp%2Fv2%2Fcategories&post=36025"},{"taxonomy":"post_tag","embeddable":true,"href":"https:\/\/2horizontes.com\/index.php?rest_route=%2Fwp%2Fv2%2Ftags&post=36025"}],"curies":[{"name":"wp","href":"https:\/\/api.w.org\/{rel}","templated":true}]}}