{"id":35994,"date":"2015-12-11T16:20:02","date_gmt":"2015-12-11T15:20:02","guid":{"rendered":"http:\/\/2horizontes.com\/?p=35994"},"modified":"2015-12-11T16:20:02","modified_gmt":"2015-12-11T15:20:02","slug":"escuelas-catolicas-funcionaran-como-las-publicas-rd","status":"publish","type":"post","link":"https:\/\/2horizontes.com\/?p=35994","title":{"rendered":"Escuelas cat\u00f3licas funcionar\u00e1n como las p\u00fablicas RD"},"content":{"rendered":"<p>RD- SANTO DOMINGO-Los centros educativos gestionados por la Iglesia cat\u00f3lica ser\u00e1n gratuitos, con lo que se beneficiar\u00e1n m\u00e1s de 130,000 ni\u00f1os, ni\u00f1as, adolescentes, j\u00f3venes y adultos provenientes de sectores vulnerables del pa\u00eds.<\/p>\n<p>As\u00ed lo establece un acuerdo firmado ayer entre el Ministerio de Educaci\u00f3n y la Conferencia del Episcopado Dominicano, el cual precisa que los centros educativos bajo la rector\u00eda de la Iglesia pasar\u00e1n a funcionar igual que las escuelas p\u00fablicas en los aspectos administrativos y pedag\u00f3gicos.<\/p>\n<p>Este convenio regular\u00e1 las relaciones entre la Conferencia del Episcopado y el Ministerio de Educaci\u00f3n, dentro del marco de respeto a la Ley General de Educaci\u00f3n y el Pacto Educativo por una Educaci\u00f3n de Calidad firmado en el 2014.<\/p>\n<p>Seg\u00fan se establece en el convenio, Educaci\u00f3n pagar\u00e1 la n\u00f3mina del personal docente, administrativo y de apoyo, e incluir\u00e1 al personal docente de las instituciones educativas cat\u00f3licas en los planes de capacitaci\u00f3n que desarrolla.<\/p>\n<p>El acuerdo firmado por el ministro Carlos Amarante Baret y monse\u00f1or Gregorio Nicanor Pe\u00f1a establece la premisa de que la educaci\u00f3n es p\u00fablica y gratuita, con el valor agregado de la m\u00edstica de la fe cat\u00f3lica, en los centros escolares propiedad o administrados por la Iglesia.<\/p>\n<p>A partir del Convenio habr\u00e1 dos tipos de centros educativos que se podr\u00e1n acoger al acuerdo, divididos en instituciones educativas cat\u00f3licas con establecimientos propiedad de las di\u00f3cesis, parroquias, de institutos de Vida Consagrada y otros organismos eclesi\u00e1sticos gestionados totalmente en sus costos por Educaci\u00f3n, y las instituciones educativas p\u00fablicas propiedad del Estado dominicano cedidos a la Iglesia cat\u00f3lica para su gesti\u00f3n.<\/p>\n<p>Tambi\u00e9n nombrar\u00e1 dentro de su n\u00f3mina a todo el personal docente, administrativo y de apoyo, mientras que la Conferencia del Episcopado deber\u00e1 asegurar que las instituciones educativas cat\u00f3licas desarrollen su labor con el m\u00e1ximo inter\u00e9s y eficacia, de manera que los centros que se acojan al convenio pasar\u00e1n a funcionar con las mismas caracter\u00edsticas de los centros educativos p\u00fablicos del pa\u00eds.<\/p>\n","protected":false},"excerpt":{"rendered":"<p>RD- SANTO DOMINGO-Los centros educativos gestionados por la Iglesia cat\u00f3lica ser\u00e1n gratuitos, con lo que se beneficiar\u00e1n m\u00e1s de 130,000 ni\u00f1os, ni\u00f1as, adolescentes, j\u00f3venes y adultos provenientes de sectores vulnerables del pa\u00eds. As\u00ed lo establece un acuerdo firmado ayer entre el Ministerio de Educaci\u00f3n y la Conferencia del Episcopado Dominicano, el cual precisa que los [&hellip;]<\/p>\n","protected":false},"author":8,"featured_media":35995,"comment_status":"open","ping_status":"open","sticky":false,"template":"","format":"standard","meta":{"footnotes":""},"categories":[55,44],"tags":[],"class_list":["post-35994","post","type-post","status-publish","format-standard","has-post-thumbnail","hentry","category-educacion","category-republica-dominicana"],"_links":{"self":[{"href":"https:\/\/2horizontes.com\/index.php?rest_route=\/wp\/v2\/posts\/35994","targetHints":{"allow":["GET"]}}],"collection":[{"href":"https:\/\/2horizontes.com\/index.php?rest_route=\/wp\/v2\/posts"}],"about":[{"href":"https:\/\/2horizontes.com\/index.php?rest_route=\/wp\/v2\/types\/post"}],"author":[{"embeddable":true,"href":"https:\/\/2horizontes.com\/index.php?rest_route=\/wp\/v2\/users\/8"}],"replies":[{"embeddable":true,"href":"https:\/\/2horizontes.com\/index.php?rest_route=%2Fwp%2Fv2%2Fcomments&post=35994"}],"version-history":[{"count":1,"href":"https:\/\/2horizontes.com\/index.php?rest_route=\/wp\/v2\/posts\/35994\/revisions"}],"predecessor-version":[{"id":35996,"href":"https:\/\/2horizontes.com\/index.php?rest_route=\/wp\/v2\/posts\/35994\/revisions\/35996"}],"wp:featuredmedia":[{"embeddable":true,"href":"https:\/\/2horizontes.com\/index.php?rest_route=\/wp\/v2\/media\/35995"}],"wp:attachment":[{"href":"https:\/\/2horizontes.com\/index.php?rest_route=%2Fwp%2Fv2%2Fmedia&parent=35994"}],"wp:term":[{"taxonomy":"category","embeddable":true,"href":"https:\/\/2horizontes.com\/index.php?rest_route=%2Fwp%2Fv2%2Fcategories&post=35994"},{"taxonomy":"post_tag","embeddable":true,"href":"https:\/\/2horizontes.com\/index.php?rest_route=%2Fwp%2Fv2%2Ftags&post=35994"}],"curies":[{"name":"wp","href":"https:\/\/api.w.org\/{rel}","templated":true}]}}