{"id":35970,"date":"2015-12-11T10:35:53","date_gmt":"2015-12-11T09:35:53","guid":{"rendered":"http:\/\/2horizontes.com\/?p=35970"},"modified":"2015-12-11T10:35:53","modified_gmt":"2015-12-11T09:35:53","slug":"la-tecnocracia-se-apodera-del-gabinete-del-nuevo-presidente-de-argentina","status":"publish","type":"post","link":"https:\/\/2horizontes.com\/?p=35970","title":{"rendered":"La tecnocracia se apodera del gabinete del nuevo presidente de Argentina"},"content":{"rendered":"<p><strong>AFP \/Buenos Aires<\/strong><\/p>\n<p>El presidente electo de Argentina, Mauricio Macri, convoc\u00f3 a banqueros y ejecutivos de multinacionales para conformar un gabinete en el que, seg\u00fan dijo, prima el profesionalismo y la confianza, pero que representa un gui\u00f1o a los mercados financieros.<\/p>\n<p>\u00c9l, \u00a0es el primer presidente de Argentina formado enteramente en instituciones educativas privadas como la mayor\u00eda de sus 20 ministros de alta confianza.<\/p>\n<p>El economista Alfonso Prat-Gay (de 50 a\u00f1os), exejecutivo del banco JP Morgan en Londres, que estar\u00e1 al frente del estrat\u00e9gico Ministerio de Hacienda y Finanzas, es definido como un liberal heterodoxo.<\/p>\n<p>Gustavo Lopetegui, actual presidente de la l\u00ednea a\u00e9rea\u00a0 LAN Argentina y exempresario de alto perfil,\u00a0\u00a0 ser\u00e1 el coordinador del gabinete econ\u00f3mico formado por seis ministerios.<\/p>\n<p>En la cartera de Finanzas estar\u00e1 Luis Caputo, con trayectoria en Wall Street y exejecutivo del Deutsche Bank en Nueva York y en Buenos Aires. Su primera misi\u00f3n ser\u00e1 iniciar un di\u00e1logo para resolver el conflicto judicial por una deuda con \u00abfondos buitre\u201d (especulativos) en Nueva York.<\/p>\n<p>En Energ\u00eda y Miner\u00eda, Macri design\u00f3 al expresidente de la petrolera angloholandesa Shell Argentina, Juan Jos\u00e9 Aranguren, que hizo toda su carrera en esa compa\u00f1\u00eda, donde ingres\u00f3 en 1979 como pasante y se retir\u00f3 a mediados de este a\u00f1o. Declarado en contra de proseguir un esquema de subsidios energ\u00e9ticos, sus ideas son bien vistas por el mercado que clama desde hace a\u00f1os por sincerar las tarifas.<\/p>\n<p>Al frente del Banco Central de Argentina, Macri propone a Federico Sturzenegger, economista, diputado y expresidente del comunal Banco Ciudad. Es un egresado del instituto MIT de Boston (EEUU) de perfil liberal en l\u00ednea con el Ejecutivo.<\/p>\n<p>En el Ministerio de Trabajo design\u00f3 a Jorge Triaca, tambi\u00e9n egresado del exclusivo Cardenal Newman y licenciado en Econom\u00eda en la Universidad de San Andr\u00e9s.<\/p>\n<p>En la Canciller\u00eda, Susana Malcorra (61 a\u00f1os) es exjefa de gabinete del secretario de la ONU Ban Ki-moon.<\/p>\n<p>Se integr\u00f3 a la ONU en 2004, tras 25 a\u00f1os en la actividad privada, en empresas como IBM y Telecom Argentina.<\/p>\n<p>El Ministerio de Transporte lo ocupar\u00e1 Guillermo Dietrich, economista y empresario del rubro automotor, en tanto al frente de Agricultura estar\u00e1 Ricardo Buryaile, exempresario ganadero. En el Ministerio de Producci\u00f3n fue nombrado Francisco Cabrera, exdirectivo de la multinacional Hewlett Packard.<\/p>\n<p>El ministro del Interior ser\u00e1 Rogelio Frigerio, un economista con amplia trayectoria en instituciones financieras p\u00fablicas.<\/p>\n<p>La sorpresa fue la inclusi\u00f3n de un rabino, Sergio Bergman, al frente del Ministerio de Ambiente y Desarrollo Sustentable.<\/p>\n<p>&nbsp;<\/p>\n<p>Efectos colaterales<\/p>\n<p>Banco El presidente del Banco Central de Argentina, Alejandro Vanoli, renunci\u00f3 a su cargo luego de semanas de expresar resistencia a las presiones del presidente electo, Mauricio Macri, que quer\u00eda que dejara ese cargo ejecutivo.<\/p>\n<p>Depreciaci\u00f3n La moneda argentina se depreci\u00f3 este mi\u00e9rcoles 0,1% al cotizarse a 9,75 pesos por d\u00f3lar en el mercado oficial, en el \u00faltimo d\u00eda de mandato de la presidenta Cristina Fern\u00e1ndez de Kirchner.<\/p>\n<p>Negociaci\u00f3n\u00a0 El nuevo gobierno argentino comenzar\u00e1 a negociar \u00abr\u00e1pidamente\u201d con los \u00abfondos buitre\u201d para resolver el litigio por bonos impagos de la deuda contra\u00edda.<\/p>\n","protected":false},"excerpt":{"rendered":"<p>AFP \/Buenos Aires El presidente electo de Argentina, Mauricio Macri, convoc\u00f3 a banqueros y ejecutivos de multinacionales para conformar un gabinete en el que, seg\u00fan dijo, prima el profesionalismo y la confianza, pero que representa un gui\u00f1o a los mercados financieros. \u00c9l, \u00a0es el primer presidente de Argentina formado enteramente en instituciones educativas privadas como [&hellip;]<\/p>\n","protected":false},"author":7,"featured_media":35971,"comment_status":"open","ping_status":"open","sticky":false,"template":"","format":"standard","meta":{"footnotes":""},"categories":[40,43],"tags":[],"class_list":["post-35970","post","type-post","status-publish","format-standard","has-post-thumbnail","hentry","category-internacionales","category-politica"],"_links":{"self":[{"href":"https:\/\/2horizontes.com\/index.php?rest_route=\/wp\/v2\/posts\/35970","targetHints":{"allow":["GET"]}}],"collection":[{"href":"https:\/\/2horizontes.com\/index.php?rest_route=\/wp\/v2\/posts"}],"about":[{"href":"https:\/\/2horizontes.com\/index.php?rest_route=\/wp\/v2\/types\/post"}],"author":[{"embeddable":true,"href":"https:\/\/2horizontes.com\/index.php?rest_route=\/wp\/v2\/users\/7"}],"replies":[{"embeddable":true,"href":"https:\/\/2horizontes.com\/index.php?rest_route=%2Fwp%2Fv2%2Fcomments&post=35970"}],"version-history":[{"count":1,"href":"https:\/\/2horizontes.com\/index.php?rest_route=\/wp\/v2\/posts\/35970\/revisions"}],"predecessor-version":[{"id":35972,"href":"https:\/\/2horizontes.com\/index.php?rest_route=\/wp\/v2\/posts\/35970\/revisions\/35972"}],"wp:featuredmedia":[{"embeddable":true,"href":"https:\/\/2horizontes.com\/index.php?rest_route=\/wp\/v2\/media\/35971"}],"wp:attachment":[{"href":"https:\/\/2horizontes.com\/index.php?rest_route=%2Fwp%2Fv2%2Fmedia&parent=35970"}],"wp:term":[{"taxonomy":"category","embeddable":true,"href":"https:\/\/2horizontes.com\/index.php?rest_route=%2Fwp%2Fv2%2Fcategories&post=35970"},{"taxonomy":"post_tag","embeddable":true,"href":"https:\/\/2horizontes.com\/index.php?rest_route=%2Fwp%2Fv2%2Ftags&post=35970"}],"curies":[{"name":"wp","href":"https:\/\/api.w.org\/{rel}","templated":true}]}}