{"id":35961,"date":"2015-12-11T10:28:19","date_gmt":"2015-12-11T09:28:19","guid":{"rendered":"http:\/\/2horizontes.com\/?p=35961"},"modified":"2015-12-11T10:28:19","modified_gmt":"2015-12-11T09:28:19","slug":"maduro-dice-hay-gente-presa-por-compraventa-votos-en-comicios-venezolanos","status":"publish","type":"post","link":"https:\/\/2horizontes.com\/?p=35961","title":{"rendered":"Maduro dice \u00abhay gente presa\u00bb por compraventa votos en comicios venezolanos"},"content":{"rendered":"<div id=\"ArticleAuthorDiv\" class=\"article-body-author\"><b>EFE<\/b><\/div>\n<div id=\"ArticleSourceDiv\" class=\"article-body-author\"><b>Caracas<\/b><\/div>\n<div id=\"ArticleBody\">\n<p>El presidente venezolano, Nicol\u00e1s Maduro, dijo que \u00abhay gente presa\u00bb por una supuesta compra de votos en los comicios que el domingo pasado gan\u00f3 la oposici\u00f3n y revel\u00f3 que hay \u00abpruebas\u00bb de su denuncia.<\/p>\n<p>\u00abHay una denuncia de compra de votos que debe investigarse, yo he orientado al compa\u00f1ero Jorge Rodr\u00edguez (jefe de la campa\u00f1a oficialista), para que junto a un grupo de abogados y expertos electorales haga una investigaci\u00f3n a fondo, porque est\u00e1n las pruebas y los presos; ya hay gente presa por esto\u00bb, indic\u00f3 en una alocuci\u00f3n televisada anoche.<\/p>\n<p>El jefe de Estado se refiri\u00f3 al asunto en el programa nocturno \u00abCon el Mazo Dando\u00bb, que el titular de la unicameral Asamblea Nacional (AN), el diputado oficialista Diosdado Cabello, tiene en el canal estatal de televisi\u00f3n VTV.<\/p>\n<p>Cabello difundi\u00f3 un audio de una conversaci\u00f3n telef\u00f3nica grabada tres d\u00edas antes de las elecciones en las que supuestamente hablan del asunto Carlos Hermoso Conde, secretario general del partido opositor Bandera Roja, y un amigo no identificado al que llama \u00abPollo\u00bb y que trabaja en el Palacio Presidencial.<\/p>\n<p>\u00abYa ganamos, la estrategia fue la que esperaba: 10 palos (10.000 bol\u00edvares, unos diez d\u00f3lares a la tasa no oficial) para quien vaya a votar por nosotros\u00bb, afirm\u00f3 el interlocutor de Hermoso Conde.<\/p>\n<p>El \u00abPollo\u00bb a\u00f1ade en el audio que \u00e9l hab\u00eda visto las bolsas con el dinero y que estimaba que la forma de pago deb\u00eda ser fraccionada a las personas que tres d\u00edas despu\u00e9s vendieran su voto.<\/p>\n<p>\u00abEso como primer incentivo. Lo dem\u00e1s, bueno, ya t\u00fa sabes\u00bb, a\u00f1ade y enumera algunos alimentos.<\/p>\n<p>Tambi\u00e9n adelanta en esa conversaci\u00f3n que el gobernante destituir\u00eda a los ministros.<\/p>\n<p>\u00abEl martes Maduro le va a dar un sacud\u00f3n a un poco de gente; hay a un poco de ministros que est\u00e1n a la orden\u00bb, destac\u00f3.<\/p>\n<p>El gobernante inform\u00f3 de que hab\u00eda pedido la dimisi\u00f3n de los integrantes de su gabinete ministerial dos d\u00edas despu\u00e9s de que los partidos opositores a su Gobierno ganaron dos tercios de los esca\u00f1os parlamentarios.<\/p>\n<p>En su alocuci\u00f3n, Maduro subraya que sus opositores \u00abrompieron todas las reglas de juego\u00bb para lograr imponerse en los comicios.<\/p>\n<p>Adem\u00e1s de la compra de votos -sostuvo- intensificaron la \u00abguerra econ\u00f3mica, guerra el\u00e9ctrica, guerra psicol\u00f3gica y guerra paramilitar\u00bb, que denuncia en contra de su gesti\u00f3n de Gobierno.<\/p>\n<p>Maduro record\u00f3 en ese sentido la denuncia oficial de que siete ciudadanos fallecieron electrocutados en los \u00faltimos d\u00edas en sendos sabotajes a la red nacional de energ\u00eda el\u00e9ctrica.<\/p>\n<p>\u00ab\u00bfCu\u00e1ntos no se electrocutaron y si las cortaron, qui\u00e9n pag\u00f3 eso?\u00bb, se pregunt\u00f3.<\/p>\n<p>El presidente alent\u00f3 a sus seguidores a debatir sobre si existe la posibilidad de \u00abgarantizar la paz del pa\u00eds\u00bb y tambi\u00e9n sobre si es posible continuar con los programas sociales de su Gobierno, adem\u00e1s de prever \u00abc\u00f3mo la vamos a tener con mayor\u00eda de la derecha\u00bb en el Parlamento.<\/p>\n<p>\u00abQu\u00e9 responda el pueblo y a partir de all\u00ed viene la estrategia\u00bb, exhort\u00f3.<\/p>\n<\/div>\n","protected":false},"excerpt":{"rendered":"<p>EFE Caracas El presidente venezolano, Nicol\u00e1s Maduro, dijo que \u00abhay gente presa\u00bb por una supuesta compra de votos en los comicios que el domingo pasado gan\u00f3 la oposici\u00f3n y revel\u00f3 que hay \u00abpruebas\u00bb de su denuncia. \u00abHay una denuncia de compra de votos que debe investigarse, yo he orientado al compa\u00f1ero Jorge Rodr\u00edguez (jefe de [&hellip;]<\/p>\n","protected":false},"author":7,"featured_media":35962,"comment_status":"open","ping_status":"open","sticky":false,"template":"","format":"standard","meta":{"footnotes":""},"categories":[40,43,48],"tags":[],"class_list":["post-35961","post","type-post","status-publish","format-standard","has-post-thumbnail","hentry","category-internacionales","category-politica","category-venezuela"],"_links":{"self":[{"href":"https:\/\/2horizontes.com\/index.php?rest_route=\/wp\/v2\/posts\/35961","targetHints":{"allow":["GET"]}}],"collection":[{"href":"https:\/\/2horizontes.com\/index.php?rest_route=\/wp\/v2\/posts"}],"about":[{"href":"https:\/\/2horizontes.com\/index.php?rest_route=\/wp\/v2\/types\/post"}],"author":[{"embeddable":true,"href":"https:\/\/2horizontes.com\/index.php?rest_route=\/wp\/v2\/users\/7"}],"replies":[{"embeddable":true,"href":"https:\/\/2horizontes.com\/index.php?rest_route=%2Fwp%2Fv2%2Fcomments&post=35961"}],"version-history":[{"count":1,"href":"https:\/\/2horizontes.com\/index.php?rest_route=\/wp\/v2\/posts\/35961\/revisions"}],"predecessor-version":[{"id":35963,"href":"https:\/\/2horizontes.com\/index.php?rest_route=\/wp\/v2\/posts\/35961\/revisions\/35963"}],"wp:featuredmedia":[{"embeddable":true,"href":"https:\/\/2horizontes.com\/index.php?rest_route=\/wp\/v2\/media\/35962"}],"wp:attachment":[{"href":"https:\/\/2horizontes.com\/index.php?rest_route=%2Fwp%2Fv2%2Fmedia&parent=35961"}],"wp:term":[{"taxonomy":"category","embeddable":true,"href":"https:\/\/2horizontes.com\/index.php?rest_route=%2Fwp%2Fv2%2Fcategories&post=35961"},{"taxonomy":"post_tag","embeddable":true,"href":"https:\/\/2horizontes.com\/index.php?rest_route=%2Fwp%2Fv2%2Ftags&post=35961"}],"curies":[{"name":"wp","href":"https:\/\/api.w.org\/{rel}","templated":true}]}}