{"id":35865,"date":"2015-12-10T17:35:22","date_gmt":"2015-12-10T16:35:22","guid":{"rendered":"http:\/\/2horizontes.com\/?p=35865"},"modified":"2015-12-10T17:35:22","modified_gmt":"2015-12-10T16:35:22","slug":"danilo-medina-dice-que-sin-empresarios-no-hay-desarrollo-rd","status":"publish","type":"post","link":"https:\/\/2horizontes.com\/?p=35865","title":{"rendered":"Danilo Medina dice que sin empresarios no hay desarrollo RD"},"content":{"rendered":"<p>RD- SANTO DOMINGO-El presidente de la Rep\u00fablica, Danilo Medina, asegur\u00f3 ayer que sin la participaci\u00f3n decisiva del sector privado como motor del crecimiento econ\u00f3mico, todos los esfuerzos que puedan realizarse desde el Estado no ser\u00e1n suficientes para lograr el desarrollo integral de la naci\u00f3n.<\/p>\n<p>Esta afirmaci\u00f3n fue hecha por el mandatario, durante su participaci\u00f3n como orador de orden en el almuerzo de fin de a\u00f1o organizado por la C\u00e1mara Americana de Comercio de la Rep\u00fablica Dominicana (AMCHAMDR).<br \/>\nMedina se refiri\u00f3 a la necesidad de que el Estado y el sector privado unan esfuerzos para promover el desarrollo nacional con proyectos orientados hacia la generaci\u00f3n de energ\u00eda, mejoras del servicio de transporte p\u00fablico, seguridad social y fortalecimiento de la institucionalidad.<\/p>\n<p>En materia energ\u00e9tica, el Presidente justific\u00f3 la construcci\u00f3n de las dos plantas a carb\u00f3n en Punta Catalina, asegurando que forma parte de las inversiones que se promueven desde el Gobierno en tecnolog\u00edas de generaci\u00f3n para reducir el costo promedio de producir electricidad en el pa\u00eds.\u201cNo s\u00f3lo para mejorar la competitividad, sino tambi\u00e9n, para reducir la carga fiscal que este sector ha representado y sobre todo el peso que provoca en los niveles de endeudamiento del pa\u00eds\u201d, asever\u00f3.<\/p>\n<p>El jefe del Estado agreg\u00f3, adem\u00e1s, que el Gobierno desea contar con la participaci\u00f3n privada, nacional y extranjera en la empresa de generaci\u00f3n de Punta Catalina y que su objetivo era, es y seguir\u00e1 siendo bajar el costo de la generaci\u00f3n energ\u00e9tica y no aumentar la participaci\u00f3n del Estado en las empresas el\u00e9ctricas del pa\u00eds.<\/p>\n<p><strong>Comisi\u00f3n Nacional de Titulaci\u00f3n<\/strong><br \/>\nA\u00f1adi\u00f3 que en lo referido a la propiedad de la tierra han estado trabajando, con la Comisi\u00f3n Nacional de Titulaci\u00f3n, para resolver, de una vez y por todas, la ausencia de un mercado de tierras transparente y cre\u00edble.<\/p>\n<p>\u201cQuiero anunciar que, en coordinaci\u00f3n con la Jurisdicci\u00f3n Inmobiliaria, hemos acordado dar el apoyo financiero necesario para que la misma pueda agilizar los procesos. Y a partir de enero del pr\u00f3ximo a\u00f1o comenzaremos a entregar decenas de miles de t\u00edtulos de propiedad definitivos\u201d, anunci\u00f3.<\/p>\n<p><strong>Transporte p\u00fablico<\/strong><br \/>\nEl Presidente propuso, para solventar el problema del transporte p\u00fablico, una alianza entre el Estado y el sector privado que permita dotar a los principales centros urbanos de soluciones efectivas y confortables para el transporte masivo de pasajeros.<\/p>\n<p>\u201cComo ya he dicho en otras ocasiones, un pa\u00eds realmente desarrollado no es aquel en el que los pobres se mueven en veh\u00edculos propios, sino aquel en el que hasta los ricos prefieren utilizar el transporte p\u00fablico\u201d, asever\u00f3. Dijo adem\u00e1s que est\u00e1n trabajando en soluciones ingeniosas como el telef\u00e9rico de Santo Domingo, la ampliaci\u00f3n del Metro y otras medidas que permitir\u00e1n a los ciudadanos viajar con dignidad.<\/p>\n<p>\u201cLleg\u00f3 el momento de sentarnos para acordar el sistema \u00f3ptimo de transporte p\u00fablico, capaz de ofrecer un servicio eficiente y decente a millones de dominicanos y dominicanas, que a diario necesitan transportarse para ir a su trabajo\u201d, afirm\u00f3.<\/p>\n<p>Medina agreg\u00f3 que tambi\u00e9n se evaluar\u00e1n opciones como la creaci\u00f3n de nuevas l\u00edneas del Metro, un Sistema de Autobuses de Tr\u00e1nsito R\u00e1pido, tranv\u00edas y nuevas flotas de buses.<\/p>\n<p>Tambi\u00e9n abord\u00f3 el tema del Sistema Dominicano de Seguridad Social en el \u00e1mbito de la salud y dijo que ya se han incorporado 6.4 millones de afiliados a los dos reg\u00edmenes de seguro de salud.<\/p>\n<p>En cuanto al rumbo econ\u00f3mico del pa\u00eds, afirm\u00f3 que \u00e9ste avanza hacia una econom\u00eda social de mercado y aclar\u00f3 que no es por casualidad que desde la Presidencia se hayan empe\u00f1ado en ir desmantelando muchas de las barreras y trabas que contribuyen a conformar una econom\u00eda de costos elevados.<br \/>\n\u201cNuestro prop\u00f3sito es avanzar lo m\u00e1s r\u00e1pidamente posible hacia una econom\u00eda de costos competitivos\u201d, a\u00f1adi\u00f3.<\/p>\n<p><strong>Crecimiento de la clase media<\/strong><br \/>\nAsever\u00f3 que producto de las pol\u00edticas que impulsan desde el Gobierno, durante los primeros 1,210 d\u00edas de trabajo, desde que asumi\u00f3 en agosto del a\u00f1o 2012, la clase media creci\u00f3 del 20% de la poblaci\u00f3n al 29%.<\/p>\n<p>Sin embargo, manifest\u00f3 que para acelerar el crecimiento de la clase media es necesario crear las condiciones para que el 44% de la poblaci\u00f3n que no es pobre, pero que vive en condiciones de vulnerabilidad, pueda mejorar sus ingresos y condiciones de vida y pasar a formar parte de nuestra clase media.<\/p>\n<p>El primer mandatario dijo que su gobierno respeta plenamente la separaci\u00f3n de poderes, tal y como lo establece la Constituci\u00f3n y destac\u00f3 que no puede haber desarrollo integral en un pa\u00eds sin instituciones fuertes.<\/p>\n<p>\u201cTener instituciones fuertes es una condici\u00f3n necesaria para el progreso de las naciones\u201d, manifest\u00f3.<\/p>\n<p>Adem\u00e1s argument\u00f3 que para que el desarrollo llegue a todos, es fundamental fomentar las instituciones inclusivas para favorecer, bajo un mismo sistema de leyes y reglas, la participaci\u00f3n de todos en la distribuci\u00f3n de los frutos del crecimiento.<\/p>\n<p>\u201cNuestro gobierno ha realizado un esfuerzo sin precedentes en favor del fortalecimiento institucional y la transparencia\u201d, puntualiz\u00f3.<\/p>\n<p><strong>Lucha contra la corrupci\u00f3n<\/strong><br \/>\nFrente al tema de la corrupci\u00f3n se\u00f1al\u00f3 que librar\u00e1 junto al pueblo la batalla por la transparencia y el imperio de la ley, que no esconder\u00e1 la cabeza y que no mirar\u00e1 para otro lado. \u201cSabemos que en nuestra sociedad dominicana hay malas pr\u00e1cticas y sabemos tambi\u00e9n que, como pa\u00eds y como Gobierno, nos corresponde hacerles frente\u201d, sentenci\u00f3.<\/p>\n<p>Medina anunci\u00f3 que continuar\u00e1n aumentado los mecanismos de control, mejorando procesos, racionalizando los recursos y contando siempre con el pueblo dominicano como aliado en la lucha.<\/p>\n<p>\u201cUstedes, estimados empresarios y empresarias, saben bien que nuestro gobierno ha estado siempre del lado de la seguridad jur\u00eddica, de la productividad, de las reglas claras e iguales para todos y del imperio de la ley, sin excepciones, ni privilegios\u201d, acot\u00f3.<\/p>\n<p>Afirm\u00f3 que el fortalecimiento institucional es el \u00fanico camino para la verdadera justicia y que por ello actuar\u00e1 siempre en esa direcci\u00f3n.<\/p>\n<p>\u201cComo Presidente de la Rep\u00fablica y firme defensor de nuestra institucionalidad, defiendo y respeto absolutamente la separaci\u00f3n de poderes que establece nuestra Constituci\u00f3n y que dota de completa autonom\u00eda al Poder Judicial, pueden estar seguros de que el Poder Ejecutivo, mientras est\u00e9 bajo mi mandato, no incurrir\u00e1 jam\u00e1s en ning\u00fan tipo de injerencia sobre otro poder del Estado\u201d, enfatiz\u00f3.<\/p>\n<p>No obstante, mostr\u00f3 su preocupaci\u00f3n como ciudadano y dijo que es defensor de la legalidad y que por ende no puede permanecer al margen de las preocupaciones que vive el pa\u00eds.<\/p>\n<p>\u201cEn este sentido, conf\u00edo en que las instituciones y mecanismos de que nos ha dotado nuestra Constituci\u00f3n, para garantizar el correcto ejercicio de la justicia en nuestro pa\u00eds, cumplan su cometido a cabalidad y en toda circunstancia, dando as\u00ed cumplida y satisfactoria respuesta a la sociedad dominicana\u201d, puntualiz\u00f3.<\/p>\n<p>Por \u00faltimo, reiter\u00f3 que los empresarios del pa\u00eds pueden confiar en que el Gobierno siempre estar\u00e1 del lado de la seguridad jur\u00eddica, de la productividad, de las reglas claras e iguales para todos y del imperio de la ley, sin excepciones ni privilegios.<\/p>\n<p><strong>Industriales elogiaron el discurso presidencial<\/strong><\/p>\n<p>El Consejo Nacional de la Empresa Priva (Conep), la Asociaci\u00f3n de Industrias de la Rep\u00fablica Dominicana, Asociaci\u00f3n Dominicana de Zonas Francas y representantes de otras entidades empresariales catalogaron de excelente el discurso pronunciado por el presidente Danilo Medina ante la C\u00e1mara Americana de Comercio, en el que plante\u00f3 una alianza estrat\u00e9gica para continuar impulsando los planes de desarrollo para el pa\u00eds, incluyendo la seguridad jur\u00eddica, el fortalecimiento del sector privado y otras iniciativas. Los titulares de estas agrupaciones empresariales respaldaron las propuestas hechas por el mandatario y recordaron que el futuro del desarrollo de las econom\u00edas es la colaboraci\u00f3n p\u00fablico-privada, a trav\u00e9s de la alianza estrat\u00e9gica entre ambos sectores.<\/p>\n<p><strong>Pide respeto al estadode derecho<\/strong><\/p>\n<p>El presidente de AMCHAMDR, Gustavo Tavares, manifest\u00f3 que el respeto al Estado de derecho es una de las principales bases para la existencia de adecuados climas de negocio e inversi\u00f3n y que \u201cen el fondo, dicho respeto tambi\u00e9n es el sustrato para tener una ciudadan\u00eda pr\u00f3spera, lo que a su vez implica la existencia de un clima de desarrollo, equidad, igualdad y libertad\u201d.<\/p>\n<p>Tavares resalt\u00f3 adem\u00e1s que los empresarios tienen herramientas de consenso para hacer de Rep\u00fablica Dominicana un pa\u00eds competitivo basado en la Estrategia Nacional de Desarrollo. \u201cLo que nos falta preguntarnos es por los factores que nos est\u00e1n limitando para poder llegar a ello en el menor tiempo posible y haciendo las cosas bien para que lo logrado sea sostenible y siempre pueda evolucionar\u201d, manifest\u00f3.<\/p>\n<p>&#8211; See more at: http:\/\/www.elcaribe.com.do\/2015\/12\/10\/danilo-medina-dice-que-sin-empresarios-hay-desarrollo#sthash.ahgTPI2I.dpuf<\/p>\n","protected":false},"excerpt":{"rendered":"<p>RD- SANTO DOMINGO-El presidente de la Rep\u00fablica, Danilo Medina, asegur\u00f3 ayer que sin la participaci\u00f3n decisiva del sector privado como motor del crecimiento econ\u00f3mico, todos los esfuerzos que puedan realizarse desde el Estado no ser\u00e1n suficientes para lograr el desarrollo integral de la naci\u00f3n. Esta afirmaci\u00f3n fue hecha por el mandatario, durante su participaci\u00f3n como [&hellip;]<\/p>\n","protected":false},"author":8,"featured_media":35866,"comment_status":"open","ping_status":"open","sticky":false,"template":"","format":"standard","meta":{"footnotes":""},"categories":[63,43,44],"tags":[],"class_list":["post-35865","post","type-post","status-publish","format-standard","has-post-thumbnail","hentry","category-economia","category-politica","category-republica-dominicana"],"_links":{"self":[{"href":"https:\/\/2horizontes.com\/index.php?rest_route=\/wp\/v2\/posts\/35865","targetHints":{"allow":["GET"]}}],"collection":[{"href":"https:\/\/2horizontes.com\/index.php?rest_route=\/wp\/v2\/posts"}],"about":[{"href":"https:\/\/2horizontes.com\/index.php?rest_route=\/wp\/v2\/types\/post"}],"author":[{"embeddable":true,"href":"https:\/\/2horizontes.com\/index.php?rest_route=\/wp\/v2\/users\/8"}],"replies":[{"embeddable":true,"href":"https:\/\/2horizontes.com\/index.php?rest_route=%2Fwp%2Fv2%2Fcomments&post=35865"}],"version-history":[{"count":1,"href":"https:\/\/2horizontes.com\/index.php?rest_route=\/wp\/v2\/posts\/35865\/revisions"}],"predecessor-version":[{"id":35867,"href":"https:\/\/2horizontes.com\/index.php?rest_route=\/wp\/v2\/posts\/35865\/revisions\/35867"}],"wp:featuredmedia":[{"embeddable":true,"href":"https:\/\/2horizontes.com\/index.php?rest_route=\/wp\/v2\/media\/35866"}],"wp:attachment":[{"href":"https:\/\/2horizontes.com\/index.php?rest_route=%2Fwp%2Fv2%2Fmedia&parent=35865"}],"wp:term":[{"taxonomy":"category","embeddable":true,"href":"https:\/\/2horizontes.com\/index.php?rest_route=%2Fwp%2Fv2%2Fcategories&post=35865"},{"taxonomy":"post_tag","embeddable":true,"href":"https:\/\/2horizontes.com\/index.php?rest_route=%2Fwp%2Fv2%2Ftags&post=35865"}],"curies":[{"name":"wp","href":"https:\/\/api.w.org\/{rel}","templated":true}]}}