{"id":35862,"date":"2015-12-10T17:28:01","date_gmt":"2015-12-10T16:28:01","guid":{"rendered":"http:\/\/2horizontes.com\/?p=35862"},"modified":"2015-12-10T17:28:01","modified_gmt":"2015-12-10T16:28:01","slug":"hipolito-mejia-encabezara-investidura-del-instituto-jose-francisco-pena-gomez-rd","status":"publish","type":"post","link":"https:\/\/2horizontes.com\/?p=35862","title":{"rendered":"Hip\u00f3lito Mejia encabezar\u00e1 investidura del Instituto Jos\u00e9 Francisco Pe\u00f1a G\u00f3mez RD"},"content":{"rendered":"<p>RD- SANTO DOMINGO-El \u00a0Instituto\u00a0 de Formaci\u00f3n Pol\u00edtica doctor Jos\u00e9 Francisco Pe\u00f1a G\u00f3mez celebrar\u00e1 este viernes su \u00a0investidura ordinaria de los Diplomados impartidos durante el a\u00f1o 2015,\u00a0 con unos\u00a0 200\u00a0 egresados\u00a0 en distintas \u00e1reas de las ciencias pol\u00edticas y sociales.<\/p>\n<p>La cual ser\u00e1 encabezada por las principales autoridades del Instituto, entre quienes est\u00e1n el ex mandatario \u00a0\u00a0Hip\u00f3lito Mej\u00eda, Ivelisse Prats de P\u00e9rez, reverendo Jes\u00fas \u00a0Castro Martes y Pastora M\u00e9ndez, presidente, directora Acad\u00e9mica, administrativa y rector de la universidad Cat\u00f3lica Santo Domingo, respectivamente.<\/p>\n<p>El acto de graduaci\u00f3n se efectuar\u00e1 a partir de las 5:00\u00a0 de la tarde en el sal\u00f3n de actos de la Universidad\u00a0 Cat\u00f3lica Santo Domingo.<\/p>\n<p>Los nuevos egresados\u00a0 recibieron sus Diplomados en Gerencia Pol\u00edtica, Liderazgo Comunitario y Municipal, Resoluci\u00f3n de Conflictos, Gerencia de pol\u00edticas p\u00fablicas entre otras.<\/p>\n<p>&nbsp;<\/p>\n","protected":false},"excerpt":{"rendered":"<p>RD- SANTO DOMINGO-El \u00a0Instituto\u00a0 de Formaci\u00f3n Pol\u00edtica doctor Jos\u00e9 Francisco Pe\u00f1a G\u00f3mez celebrar\u00e1 este viernes su \u00a0investidura ordinaria de los Diplomados impartidos durante el a\u00f1o 2015,\u00a0 con unos\u00a0 200\u00a0 egresados\u00a0 en distintas \u00e1reas de las ciencias pol\u00edticas y sociales. La cual ser\u00e1 encabezada por las principales autoridades del Instituto, entre quienes est\u00e1n el ex mandatario [&hellip;]<\/p>\n","protected":false},"author":8,"featured_media":35863,"comment_status":"open","ping_status":"open","sticky":false,"template":"","format":"standard","meta":{"footnotes":""},"categories":[43,44],"tags":[],"class_list":["post-35862","post","type-post","status-publish","format-standard","has-post-thumbnail","hentry","category-politica","category-republica-dominicana"],"_links":{"self":[{"href":"https:\/\/2horizontes.com\/index.php?rest_route=\/wp\/v2\/posts\/35862","targetHints":{"allow":["GET"]}}],"collection":[{"href":"https:\/\/2horizontes.com\/index.php?rest_route=\/wp\/v2\/posts"}],"about":[{"href":"https:\/\/2horizontes.com\/index.php?rest_route=\/wp\/v2\/types\/post"}],"author":[{"embeddable":true,"href":"https:\/\/2horizontes.com\/index.php?rest_route=\/wp\/v2\/users\/8"}],"replies":[{"embeddable":true,"href":"https:\/\/2horizontes.com\/index.php?rest_route=%2Fwp%2Fv2%2Fcomments&post=35862"}],"version-history":[{"count":1,"href":"https:\/\/2horizontes.com\/index.php?rest_route=\/wp\/v2\/posts\/35862\/revisions"}],"predecessor-version":[{"id":35864,"href":"https:\/\/2horizontes.com\/index.php?rest_route=\/wp\/v2\/posts\/35862\/revisions\/35864"}],"wp:featuredmedia":[{"embeddable":true,"href":"https:\/\/2horizontes.com\/index.php?rest_route=\/wp\/v2\/media\/35863"}],"wp:attachment":[{"href":"https:\/\/2horizontes.com\/index.php?rest_route=%2Fwp%2Fv2%2Fmedia&parent=35862"}],"wp:term":[{"taxonomy":"category","embeddable":true,"href":"https:\/\/2horizontes.com\/index.php?rest_route=%2Fwp%2Fv2%2Fcategories&post=35862"},{"taxonomy":"post_tag","embeddable":true,"href":"https:\/\/2horizontes.com\/index.php?rest_route=%2Fwp%2Fv2%2Ftags&post=35862"}],"curies":[{"name":"wp","href":"https:\/\/api.w.org\/{rel}","templated":true}]}}