{"id":35843,"date":"2015-12-10T15:26:33","date_gmt":"2015-12-10T14:26:33","guid":{"rendered":"http:\/\/2horizontes.com\/?p=35843"},"modified":"2015-12-10T15:26:33","modified_gmt":"2015-12-10T14:26:33","slug":"se-amplia-hasta-manana-la-solicitud-del-voto-por-correo","status":"publish","type":"post","link":"https:\/\/2horizontes.com\/?p=35843","title":{"rendered":"Se ampl\u00eda hasta ma\u00f1ana la solicitud del voto por correo"},"content":{"rendered":"<p>La Junta Electoral Central (JEC) ha acordado ampliar el plazo para la solicitud de voto por correo hasta ma\u00f1ana viernes 11 de diciembre en los horarios ordinarios de las oficinas de Correos.<\/p>\n<p>En su resoluci\u00f3n, la JEC estima la solicitud presentada por el PSOE para que ampliara este plazo, debido a la acumulaci\u00f3n de d\u00edas festivos en las fechas finales para solicitar el voto por correo para las elecciones generales del 20 de diciembre.<\/p>\n<p>A su vez, la Junta Electoral ha acordado ampliar hasta el lunes 14 de diciembre el plazo de que dispone la Oficina del Censo Electoral para remitir la documentaci\u00f3n electoral a los electores que lo hayan solicitado.<\/p>\n<p>De este Acuerdo se dar\u00e1 traslado a las Juntas Electorales Provinciales para su conocimiento y remisi\u00f3n a las diferentes Juntas Electorales de Zona.<\/p>\n","protected":false},"excerpt":{"rendered":"<p>La Junta Electoral Central (JEC) ha acordado ampliar el plazo para la solicitud de voto por correo hasta ma\u00f1ana viernes 11 de diciembre en los horarios ordinarios de las oficinas de Correos. En su resoluci\u00f3n, la JEC estima la solicitud presentada por el PSOE para que ampliara este plazo, debido a la acumulaci\u00f3n de d\u00edas [&hellip;]<\/p>\n","protected":false},"author":3,"featured_media":35844,"comment_status":"open","ping_status":"open","sticky":false,"template":"","format":"standard","meta":{"footnotes":""},"categories":[85,43],"tags":[],"class_list":["post-35843","post","type-post","status-publish","format-standard","has-post-thumbnail","hentry","category-espana","category-politica"],"_links":{"self":[{"href":"https:\/\/2horizontes.com\/index.php?rest_route=\/wp\/v2\/posts\/35843","targetHints":{"allow":["GET"]}}],"collection":[{"href":"https:\/\/2horizontes.com\/index.php?rest_route=\/wp\/v2\/posts"}],"about":[{"href":"https:\/\/2horizontes.com\/index.php?rest_route=\/wp\/v2\/types\/post"}],"author":[{"embeddable":true,"href":"https:\/\/2horizontes.com\/index.php?rest_route=\/wp\/v2\/users\/3"}],"replies":[{"embeddable":true,"href":"https:\/\/2horizontes.com\/index.php?rest_route=%2Fwp%2Fv2%2Fcomments&post=35843"}],"version-history":[{"count":1,"href":"https:\/\/2horizontes.com\/index.php?rest_route=\/wp\/v2\/posts\/35843\/revisions"}],"predecessor-version":[{"id":35845,"href":"https:\/\/2horizontes.com\/index.php?rest_route=\/wp\/v2\/posts\/35843\/revisions\/35845"}],"wp:featuredmedia":[{"embeddable":true,"href":"https:\/\/2horizontes.com\/index.php?rest_route=\/wp\/v2\/media\/35844"}],"wp:attachment":[{"href":"https:\/\/2horizontes.com\/index.php?rest_route=%2Fwp%2Fv2%2Fmedia&parent=35843"}],"wp:term":[{"taxonomy":"category","embeddable":true,"href":"https:\/\/2horizontes.com\/index.php?rest_route=%2Fwp%2Fv2%2Fcategories&post=35843"},{"taxonomy":"post_tag","embeddable":true,"href":"https:\/\/2horizontes.com\/index.php?rest_route=%2Fwp%2Fv2%2Ftags&post=35843"}],"curies":[{"name":"wp","href":"https:\/\/api.w.org\/{rel}","templated":true}]}}