{"id":35840,"date":"2015-12-10T15:21:17","date_gmt":"2015-12-10T14:21:17","guid":{"rendered":"http:\/\/2horizontes.com\/?p=35840"},"modified":"2015-12-10T15:22:04","modified_gmt":"2015-12-10T14:22:04","slug":"jose-fernando-sufre-una-recaida-y-regresa-a-castilblanco-con-su-amigos","status":"publish","type":"post","link":"https:\/\/2horizontes.com\/?p=35840","title":{"rendered":"Jos\u00e9 Fernando sufre una reca\u00edda y regresa a Castilblanco con su amigos"},"content":{"rendered":"<p>Despu\u00e9s de un a\u00f1o y cuando parec\u00eda que se hab\u00eda recuperado, Jos\u00e9 Fernando ha sufrido una reca\u00edda. \u00abNo ha cambiado, solo est\u00e1 un poco m\u00e1s controladito\u00bb, nos han dicho los vecinos de Castilblanco, que han confirmado a nuestro equipo que el hijio de Ortega Cano lleva ya mes y medio en el pueblo.<\/p>\n<p>Jos\u00e9 Fernando se ha instalado en casa de un amigo en una barriada conflictiva a las afueras de Castilblanco. All\u00ed se enclaustra durante buena parte del d\u00eda. \u00abSolo sale a altas horas de la madrugada para sacar dinero del banco.<\/p>\n<p>A veces saca el m\u00e1ximo\u00bb, ha dicho Nuria Chavero, a la que le han asegurado que f\u00edsicamente, Jos\u00e9 Fernando est\u00e1 mal, est\u00e1 muy abandonado y presenta marcas visibles de peleas.<\/p>\n<p>Adem\u00e1s, los vecinos le han confirmado que estando en el centro de rehabilitaci\u00f3n de Albacete ha estado en varias ocasiones all\u00ed.<\/p>\n<p>Por el pueblo se deja ver con dos de los chicos con los que estuvo en la c\u00e1rcel. Es el mismo grupo de gente al que el pueblo tiene miedo\u00bb, ha dicho Nuria Chavero, que ha revelado que los vecinos le han asegurado que cuando Jos\u00e9 Fernando no est\u00e1 en el pueblo, el pueblo est\u00e1 tranquilo.<\/p>\n<p>Con \u00e9l vuelven los problemas y algunos vecinos ya han dicho que no se dejen cosas visibles en los coches porque ya han empezado a hurtar.<\/p>\n<p>La familia, destrozada<br \/>\nLa reca\u00edda de Jos\u00e9 Fernando ha ca\u00eddo como un jarro de agua fr\u00eda en su familia. \u00ab\u00c9l no quiere recuperarse, \u00e9l quiere esa vida\u00bb, le ha dicho Ortega Cano a Sandra Aladro.<\/p>\n<p>Estaban convencidos de que sal\u00eda. Llevaba casi dos a\u00f1os de tratamiento y ya iba a pasar a una nueva etapa en la que iba a pasar m\u00e1s tiempo en casa\u00bb, ha dicho Sandra Aladro, que ha asegurado que Gloria Camila est\u00e1 especialmente afectada por esta situaic\u00f3n.<\/p>\n","protected":false},"excerpt":{"rendered":"<p>Despu\u00e9s de un a\u00f1o y cuando parec\u00eda que se hab\u00eda recuperado, Jos\u00e9 Fernando ha sufrido una reca\u00edda. \u00abNo ha cambiado, solo est\u00e1 un poco m\u00e1s controladito\u00bb, nos han dicho los vecinos de Castilblanco, que han confirmado a nuestro equipo que el hijio de Ortega Cano lleva ya mes y medio en el pueblo. Jos\u00e9 Fernando [&hellip;]<\/p>\n","protected":false},"author":3,"featured_media":35841,"comment_status":"open","ping_status":"open","sticky":false,"template":"","format":"standard","meta":{"footnotes":""},"categories":[1,85],"tags":[],"class_list":["post-35840","post","type-post","status-publish","format-standard","has-post-thumbnail","hentry","category-entretenimiento","category-espana"],"_links":{"self":[{"href":"https:\/\/2horizontes.com\/index.php?rest_route=\/wp\/v2\/posts\/35840","targetHints":{"allow":["GET"]}}],"collection":[{"href":"https:\/\/2horizontes.com\/index.php?rest_route=\/wp\/v2\/posts"}],"about":[{"href":"https:\/\/2horizontes.com\/index.php?rest_route=\/wp\/v2\/types\/post"}],"author":[{"embeddable":true,"href":"https:\/\/2horizontes.com\/index.php?rest_route=\/wp\/v2\/users\/3"}],"replies":[{"embeddable":true,"href":"https:\/\/2horizontes.com\/index.php?rest_route=%2Fwp%2Fv2%2Fcomments&post=35840"}],"version-history":[{"count":1,"href":"https:\/\/2horizontes.com\/index.php?rest_route=\/wp\/v2\/posts\/35840\/revisions"}],"predecessor-version":[{"id":35842,"href":"https:\/\/2horizontes.com\/index.php?rest_route=\/wp\/v2\/posts\/35840\/revisions\/35842"}],"wp:featuredmedia":[{"embeddable":true,"href":"https:\/\/2horizontes.com\/index.php?rest_route=\/wp\/v2\/media\/35841"}],"wp:attachment":[{"href":"https:\/\/2horizontes.com\/index.php?rest_route=%2Fwp%2Fv2%2Fmedia&parent=35840"}],"wp:term":[{"taxonomy":"category","embeddable":true,"href":"https:\/\/2horizontes.com\/index.php?rest_route=%2Fwp%2Fv2%2Fcategories&post=35840"},{"taxonomy":"post_tag","embeddable":true,"href":"https:\/\/2horizontes.com\/index.php?rest_route=%2Fwp%2Fv2%2Ftags&post=35840"}],"curies":[{"name":"wp","href":"https:\/\/api.w.org\/{rel}","templated":true}]}}