{"id":35837,"date":"2015-12-10T14:58:21","date_gmt":"2015-12-10T13:58:21","guid":{"rendered":"http:\/\/2horizontes.com\/?p=35837"},"modified":"2015-12-10T14:58:21","modified_gmt":"2015-12-10T13:58:21","slug":"caceria-en-ginebra-la-policia-suiza-busca-sospechosos-de-los-ataques-en-paris","status":"publish","type":"post","link":"https:\/\/2horizontes.com\/?p=35837","title":{"rendered":"Cacer\u00eda en Ginebra: la polic\u00eda suiza busca sospechosos de los ataques en Par\u00eds"},"content":{"rendered":"<div>\n<p>Ginebra<\/p>\n<p>\u00abLas autoridades de Ginebra recibieron (de autoridades federales) informaciones sobre<b>sospechosos que podr\u00edan hallarse en Ginebra o en la regi\u00f3n de Ginebra\u00bb,<\/b> y que son \u00abactivamente\u00bb buscados, indic\u00f3 el comunicado del departamento de seguridad del cant\u00f3n, que alude a la<b> \u00abinvestigaci\u00f3n tras los ataques de Par\u00eds<\/b><\/p>\n<\/div>\n<div>Fuerzas policiales adicionales fueron desplegadas y levantaron el nivel de alerta en la capital suiza.<\/div>\n<div>\n<div id=\"embed67_wrap\" class=\"embed_cont type_freetext\">\n<div id=\"embed67_epigrafe\" class=\"embed_epigrafe\"><\/div>\n<\/div>\n<\/div>\n<div>Las medidas de seguridad extraordinarias han alcanzado sobre todo a la <b>sede europea de las Naciones Unidas (ONU<\/b>), donde guardias armados con fusiles autom\u00e1ticas revisaban uno por uno el ingreso de los autom\u00f3viles, algo inusual.<\/div>\n<div><\/div>\n<div>La Polic\u00eda ha informado que los operativos forman parte de \u00ablas investigaciones posteriores a los atentados del 13 de noviembre en Par\u00eds, tanto a nivel internacional como nacional\u00bb. Ese d\u00eda<b>murieron 130 personas, <\/b>y los siete terroristas que participaron de las masacres.<\/div>\n<div><\/div>\n<div><\/div>\n<div>Las autoridades se negaron a dar detalles de los operativos \u00abpor razones operativas\u00bb.<\/div>\n<div><\/div>\n<div>\n<p>Tras los atentados de Par\u00eds, varios de los numerosos pasos fronterizos entre Francia y Suiza son objeto de controles reforzados en la regi\u00f3n de Ginebra, y las polic\u00edas de los dos pa\u00edses cooperan en ello.<\/p>\n<p>Ginebra es sede de una treintena de organizaciones internacionales, adem\u00e1s de la ONU.<\/p>\n<\/div>\n","protected":false},"excerpt":{"rendered":"<p>Ginebra \u00abLas autoridades de Ginebra recibieron (de autoridades federales) informaciones sobresospechosos que podr\u00edan hallarse en Ginebra o en la regi\u00f3n de Ginebra\u00bb, y que son \u00abactivamente\u00bb buscados, indic\u00f3 el comunicado del departamento de seguridad del cant\u00f3n, que alude a la \u00abinvestigaci\u00f3n tras los ataques de Par\u00eds Fuerzas policiales adicionales fueron desplegadas y levantaron el nivel [&hellip;]<\/p>\n","protected":false},"author":7,"featured_media":35838,"comment_status":"open","ping_status":"open","sticky":false,"template":"","format":"standard","meta":{"footnotes":""},"categories":[86,40],"tags":[],"class_list":["post-35837","post","type-post","status-publish","format-standard","has-post-thumbnail","hentry","category-europa","category-internacionales"],"_links":{"self":[{"href":"https:\/\/2horizontes.com\/index.php?rest_route=\/wp\/v2\/posts\/35837","targetHints":{"allow":["GET"]}}],"collection":[{"href":"https:\/\/2horizontes.com\/index.php?rest_route=\/wp\/v2\/posts"}],"about":[{"href":"https:\/\/2horizontes.com\/index.php?rest_route=\/wp\/v2\/types\/post"}],"author":[{"embeddable":true,"href":"https:\/\/2horizontes.com\/index.php?rest_route=\/wp\/v2\/users\/7"}],"replies":[{"embeddable":true,"href":"https:\/\/2horizontes.com\/index.php?rest_route=%2Fwp%2Fv2%2Fcomments&post=35837"}],"version-history":[{"count":1,"href":"https:\/\/2horizontes.com\/index.php?rest_route=\/wp\/v2\/posts\/35837\/revisions"}],"predecessor-version":[{"id":35839,"href":"https:\/\/2horizontes.com\/index.php?rest_route=\/wp\/v2\/posts\/35837\/revisions\/35839"}],"wp:featuredmedia":[{"embeddable":true,"href":"https:\/\/2horizontes.com\/index.php?rest_route=\/wp\/v2\/media\/35838"}],"wp:attachment":[{"href":"https:\/\/2horizontes.com\/index.php?rest_route=%2Fwp%2Fv2%2Fmedia&parent=35837"}],"wp:term":[{"taxonomy":"category","embeddable":true,"href":"https:\/\/2horizontes.com\/index.php?rest_route=%2Fwp%2Fv2%2Fcategories&post=35837"},{"taxonomy":"post_tag","embeddable":true,"href":"https:\/\/2horizontes.com\/index.php?rest_route=%2Fwp%2Fv2%2Ftags&post=35837"}],"curies":[{"name":"wp","href":"https:\/\/api.w.org\/{rel}","templated":true}]}}