{"id":35830,"date":"2015-12-10T14:37:17","date_gmt":"2015-12-10T13:37:17","guid":{"rendered":"http:\/\/2horizontes.com\/?p=35830"},"modified":"2015-12-10T14:38:19","modified_gmt":"2015-12-10T13:38:19","slug":"terroristas-latinoamericanos-26-argentinos-y-brasilenos-se-unieron-al-estado-islamico","status":"publish","type":"post","link":"https:\/\/2horizontes.com\/?p=35830","title":{"rendered":"Terroristas latinoamericanos: 26 argentinos y brasile\u00f1os se unieron al Estado Isl\u00e1mico"},"content":{"rendered":"<div>\u00a0Siria<\/div>\n<div><\/div>\n<div>Un informe publicado por un instituto de inteligencia muestra la globalizaci\u00f3n del Estado Isl\u00e1mico: ya no recluta combatientes cerca de Siria e Irak, sus principales territorios de acci\u00f3n. Dentro de sus filas <b>hay 26 sudamericanos provenientes de Argentina y Brasil<\/b>. El n\u00famero de combatientes yihadistas en Siria e Irak se ha multiplicado por dos en el \u00faltimo a\u00f1o y medio y ya supera las 27.000 personas<\/div>\n<div><\/div>\n<div>El gobierno de Dilma Rousseff ha reconocido oficialmente que<b> tres de sus ciudadanos no volvieron jam\u00e1s a sus casas luego de haber viajado a Medio Oriente y que el motivo ha sido la uni\u00f3n a ISIS<\/b>. El gobierno de Cristina Kirchner -hasta el 9 de diciembre presidente de la Argentina- no lo admiti\u00f3, pero el informe de <b>Soufan Group <\/b>muestra que son 23 las personas de este pa\u00eds que se sumaron a los combates en el grupo terrorista.<\/div>\n<div><\/div>\n<div>El texto explica que <b>el reclutamiento de los pa\u00edses de Am\u00e9rica se produjo a trav\u00e9s de las redes sociales<\/b>, especialmente en la primera fase del proceso, cuando el grupo comenzaba a expandirse. Los ciudadanos de los pa\u00edses m\u00e1s alejados llegan hasta el ISIS a trav\u00e9s de simpatizantes del grupo en Twitter, especialmente. Sin embargo, \u00abno se ve un patr\u00f3n de reclutamiento similar al de Europa o los pa\u00edses que conformaban la Uni\u00f3n Sovi\u00e9tica\u00bb, sostiene el instituto de inteligencia.<\/div>\n<div><\/div>\n<div>\n<div id=\"2133730-1535108685_wrap\" class=\"embed_cont type_documento\">\n<div id=\"2133730-1535108685_epigrafe\" class=\"embed_epigrafe\">El informe completo de Soufan Group, en ingl\u00e9s<\/div>\n<div id=\"2133730-1535108685_copyright\" class=\"embed_copyright\">Soufan Group<\/div>\n<\/div>\n<div><b>\u00abLos n\u00fameros <\/b><b>son muy bajos\u00bb<\/b>, asegura de todos modos el documento al referirse a los yihadistas sudamericanos. Se entiende: su proporci\u00f3n es infinitamente menor si se la compara con los 6.000 tunecinos, 2.500 sauditas, 2.400 rusos, 2.100 turcos y 2.000 jordanos.<\/div>\n<div><\/div>\n<p>Tambi\u00e9n parece peque\u00f1a la cifra cuando se la compara con los 5.000 nuevos terroristas europeos: son unos 1.800 franceses, 1.000 brit\u00e1nicos, 1.0000 alemanes y casi 500 belgas.<\/p>\n<\/div>\n<div><\/div>\n<div>\n<div>En total, entre 27.000 y 31.000 yihadistas extranjeros de 86 pa\u00edses distintos est\u00e1n presentes en los dos pa\u00edses, m\u00e1s del doble de los 12.000 que hab\u00eda contabilizado el grupo en junio de 2014 y ello \u00aba pesar de los esfuerzos internacionales para contener al grupo Estado Isl\u00e1mico\u00bb .<\/div>\n<\/div>\n<div><\/div>\n<div><span id=\"saysCMSEmphasisevj2emk3l2hgp66r\" class=\"saysCMSEmphasis\">\u00abEL \u00c9XITO DEL ISIS SUPERA LOS SUE\u00d1OS DE OTROS GRUPOS TERRORISTAS, QUE AHORA PARECEN PASADOS DE MODA\u00bb<\/span><\/div>\n<div><b>\u00a0<\/b><\/div>\n<div>\n<div><b>\u00abEl fen\u00f3meno de los yihadistas extranjeros en Irak y Siria es realmente mundial\u00bb<\/b>, indica el Soufan Group, con sede en Nueva York.<\/div>\n<div><\/div>\n<div>\u00ab<b>El \u00e9xito del ISIS supera los sue\u00f1os de otros grupos terroristas<\/b>, que ahora parecen pasados de moda, como Al Qaeda. El Estado Isl\u00e1mico ha alentado a decenas de miles de yihadistas a unirse a sus filas y ha inspirado a otros a convertirse en simpatizantes\u00bb, explica el informe.<\/div>\n<div><\/div>\n<div>\n<div>El informe de Soufan Group se basa en datos de Gobiernos, organizaciones internacionales y centros de investigaci\u00f3n.<\/div>\n<\/div>\n<\/div>\n<div>\n<div><\/div>\n<div>Seg\u00fan el instituto,<b> entre un 20 y un 30% de los yihadistas extranjeros vuelven a sus pa\u00edses de origen<\/b>, lo que constituye un gran desaf\u00edo para las agencias de seguridad por el incremento de ataques como los de Par\u00eds o T\u00fanez.<\/div>\n<\/div>\n<div>F. Infobae.<\/div>\n","protected":false},"excerpt":{"rendered":"<p>\u00a0Siria Un informe publicado por un instituto de inteligencia muestra la globalizaci\u00f3n del Estado Isl\u00e1mico: ya no recluta combatientes cerca de Siria e Irak, sus principales territorios de acci\u00f3n. Dentro de sus filas hay 26 sudamericanos provenientes de Argentina y Brasil. El n\u00famero de combatientes yihadistas en Siria e Irak se ha multiplicado por dos [&hellip;]<\/p>\n","protected":false},"author":7,"featured_media":35831,"comment_status":"open","ping_status":"open","sticky":false,"template":"","format":"standard","meta":{"footnotes":""},"categories":[86,40],"tags":[],"class_list":["post-35830","post","type-post","status-publish","format-standard","has-post-thumbnail","hentry","category-europa","category-internacionales"],"_links":{"self":[{"href":"https:\/\/2horizontes.com\/index.php?rest_route=\/wp\/v2\/posts\/35830","targetHints":{"allow":["GET"]}}],"collection":[{"href":"https:\/\/2horizontes.com\/index.php?rest_route=\/wp\/v2\/posts"}],"about":[{"href":"https:\/\/2horizontes.com\/index.php?rest_route=\/wp\/v2\/types\/post"}],"author":[{"embeddable":true,"href":"https:\/\/2horizontes.com\/index.php?rest_route=\/wp\/v2\/users\/7"}],"replies":[{"embeddable":true,"href":"https:\/\/2horizontes.com\/index.php?rest_route=%2Fwp%2Fv2%2Fcomments&post=35830"}],"version-history":[{"count":2,"href":"https:\/\/2horizontes.com\/index.php?rest_route=\/wp\/v2\/posts\/35830\/revisions"}],"predecessor-version":[{"id":35833,"href":"https:\/\/2horizontes.com\/index.php?rest_route=\/wp\/v2\/posts\/35830\/revisions\/35833"}],"wp:featuredmedia":[{"embeddable":true,"href":"https:\/\/2horizontes.com\/index.php?rest_route=\/wp\/v2\/media\/35831"}],"wp:attachment":[{"href":"https:\/\/2horizontes.com\/index.php?rest_route=%2Fwp%2Fv2%2Fmedia&parent=35830"}],"wp:term":[{"taxonomy":"category","embeddable":true,"href":"https:\/\/2horizontes.com\/index.php?rest_route=%2Fwp%2Fv2%2Fcategories&post=35830"},{"taxonomy":"post_tag","embeddable":true,"href":"https:\/\/2horizontes.com\/index.php?rest_route=%2Fwp%2Fv2%2Ftags&post=35830"}],"curies":[{"name":"wp","href":"https:\/\/api.w.org\/{rel}","templated":true}]}}