{"id":35804,"date":"2015-12-10T13:53:17","date_gmt":"2015-12-10T12:53:17","guid":{"rendered":"http:\/\/2horizontes.com\/?p=35804"},"modified":"2015-12-10T13:53:17","modified_gmt":"2015-12-10T12:53:17","slug":"suben-a-6000-los-cubanos-varados-en-cr","status":"publish","type":"post","link":"https:\/\/2horizontes.com\/?p=35804","title":{"rendered":"Suben a 6,000 los cubanos varados en CR"},"content":{"rendered":"<div id=\"ArticleAuthorDiv\" class=\"article-body-author\"><b>EFE<\/b><\/div>\n<div id=\"ArticleSourceDiv\" class=\"article-body-author\"><b>San Jos\u00e9<\/b><\/div>\n<div id=\"ArticleBody\">\n<p>La cantidad de cubanos varados en Costa Rica a la espera de seguir su camino hacia Estados Unidos ascendi\u00f3 ayer a 6,000 y se mantiene un flujo de llegada por la frontera con Panam\u00e1, inform\u00f3 una fuente oficial.<\/p>\n<p>El canciller de Costa Rica, Manuel Gonz\u00e1lez, dijo ayer que el Gobierno ha otorgado 4,800 visas de tr\u00e1nsito a cubanos desde el pasado 14 de noviembre, mientras hay otros 1,200 migrantes en la frontera con Panam\u00e1 a quienes les dar\u00e1n esa visa en las pr\u00f3ximas horas.<\/p>\n<p>Gonz\u00e1lez estuvo ayer a la espera de la respuesta de Belice sobre una solicitud para que se convierta en el puente a\u00e9reo de los migrantes para continuar luego su traves\u00eda por tierra hacia M\u00e9xico y luego a Estados Unidos.<\/p>\n<p>\u201cCada d\u00eda hay m\u00e1s gente y mayor ansiedad. El deseo es darles una soluci\u00f3n a ellos que a\u00fan no la tenemos. Esto tiene que solucionarse y no es Costa Rica la \u00fanica que lo puede hacer\u201d, dijo Gonz\u00e1lez al abogar por la cooperaci\u00f3n del resto de pa\u00edses de la regi\u00f3n.<\/p>\n<p>La crisis migratoria comenz\u00f3 el pasado 15 de noviembre, cuando Nicaragua le prohibi\u00f3 el paso a los cubanos por su territorio y acus\u00f3 a Costa Rica de \u201cprovocar\u201d y \u201cmanipular\u201d la situaci\u00f3n para legitimar las pol\u00edticas de Estados Unidos que motivan este tipo de migraci\u00f3n.<\/p>\n<p>Desde entonces Costa Rica ha buscado la colaboraci\u00f3n de Centroam\u00e9rica, M\u00e9xico, Ecuador y Colombia para solucionar el problema.<\/p>\n<p>Guatemala se neg\u00f3 la semana pasada a servir de puente a\u00e9reo para los cubanos aduciendo razones de se guridad y log\u00edstica, por lo que Belice se convirti\u00f3 en la opci\u00f3n m\u00e1s fuerte.<\/p>\n<p>El canciller costarricense y el presidente de Costa Rica, Luis Guillermo Sol\u00eds, se reunieron ayer con la secretaria general del Sistema de Integraci\u00f3n Centroamericana (SICA), la salvadore\u00f1a Victoria Vel\u00e1zquez.<\/p>\n<\/div>\n","protected":false},"excerpt":{"rendered":"<p>EFE San Jos\u00e9 La cantidad de cubanos varados en Costa Rica a la espera de seguir su camino hacia Estados Unidos ascendi\u00f3 ayer a 6,000 y se mantiene un flujo de llegada por la frontera con Panam\u00e1, inform\u00f3 una fuente oficial. El canciller de Costa Rica, Manuel Gonz\u00e1lez, dijo ayer que el Gobierno ha otorgado [&hellip;]<\/p>\n","protected":false},"author":7,"featured_media":35805,"comment_status":"open","ping_status":"open","sticky":false,"template":"","format":"standard","meta":{"footnotes":""},"categories":[49,54,40],"tags":[],"class_list":["post-35804","post","type-post","status-publish","format-standard","has-post-thumbnail","hentry","category-cuba","category-emigrantes","category-internacionales"],"_links":{"self":[{"href":"https:\/\/2horizontes.com\/index.php?rest_route=\/wp\/v2\/posts\/35804","targetHints":{"allow":["GET"]}}],"collection":[{"href":"https:\/\/2horizontes.com\/index.php?rest_route=\/wp\/v2\/posts"}],"about":[{"href":"https:\/\/2horizontes.com\/index.php?rest_route=\/wp\/v2\/types\/post"}],"author":[{"embeddable":true,"href":"https:\/\/2horizontes.com\/index.php?rest_route=\/wp\/v2\/users\/7"}],"replies":[{"embeddable":true,"href":"https:\/\/2horizontes.com\/index.php?rest_route=%2Fwp%2Fv2%2Fcomments&post=35804"}],"version-history":[{"count":1,"href":"https:\/\/2horizontes.com\/index.php?rest_route=\/wp\/v2\/posts\/35804\/revisions"}],"predecessor-version":[{"id":35806,"href":"https:\/\/2horizontes.com\/index.php?rest_route=\/wp\/v2\/posts\/35804\/revisions\/35806"}],"wp:featuredmedia":[{"embeddable":true,"href":"https:\/\/2horizontes.com\/index.php?rest_route=\/wp\/v2\/media\/35805"}],"wp:attachment":[{"href":"https:\/\/2horizontes.com\/index.php?rest_route=%2Fwp%2Fv2%2Fmedia&parent=35804"}],"wp:term":[{"taxonomy":"category","embeddable":true,"href":"https:\/\/2horizontes.com\/index.php?rest_route=%2Fwp%2Fv2%2Fcategories&post=35804"},{"taxonomy":"post_tag","embeddable":true,"href":"https:\/\/2horizontes.com\/index.php?rest_route=%2Fwp%2Fv2%2Ftags&post=35804"}],"curies":[{"name":"wp","href":"https:\/\/api.w.org\/{rel}","templated":true}]}}