{"id":35797,"date":"2015-12-10T13:36:08","date_gmt":"2015-12-10T12:36:08","guid":{"rendered":"http:\/\/2horizontes.com\/?p=35797"},"modified":"2015-12-10T13:36:08","modified_gmt":"2015-12-10T12:36:08","slug":"macri-es-presidente-desde-medianoche","status":"publish","type":"post","link":"https:\/\/2horizontes.com\/?p=35797","title":{"rendered":"Macri es presidente desde medianoche"},"content":{"rendered":"<div id=\"ArticleAuthorDiv\" class=\"article-body-author\"><b>EFE<\/b><\/div>\n<div id=\"ArticleSourceDiv\" class=\"article-body-author\"><b>Buenos Aires<\/b><\/div>\n<div id=\"ArticleBody\">\n<p>La soluci\u00f3n al esc\u00e1ndalo por el traspaso presidencial en Argentina, donde un fallo judicial tuvo que determinar el momento del fin del mandato de Cristina Fern\u00e1ndez, es la \u201cexpresi\u00f3n acabada\u201d de la \u201cjudicializaci\u00f3n de la pol\u00edtica\u201d en el pa\u00eds suramericano.<\/p>\n<p>Entre la novela y el bochorno, el escenario en el que asumir\u00e1 Mauricio Macri no ha tenido precedentes en un pa\u00eds que ya pas\u00f3 por cinco presidentes en una misma semana en la crisis de 2001.<\/p>\n<p>No import\u00f3 que el escribano de la Presidencia explicara que el mandato de Fern\u00e1n dez terminaba a la medianoche del jueves 10, a menos que Macri jurara antes.<\/p>\n<p>Despu\u00e9s de d\u00edas de desencuentros y cr\u00edticas cruzadas entre el kirchnerismo y el gobierno electo, el macrismo recurri\u00f3 a la Justicia e interpuso una medida cautelar para que la aclaraci\u00f3n del escribano no tuviera efecto y Fern\u00e1ndez terminara esta medianoche.<\/p>\n<p>La Justicia argentina finalmente le dio la raz\u00f3n a Macri y Fern\u00e1ndez decidi\u00f3 no asistir a la ceremonia.<\/p>\n<p>Entre el cese de Cristina Fern\u00e1ndez y el acto de asunci\u00f3n de Macri, el presidente provisional del Senado estar\u00e1 a cargo del poder Ejecutivo del pa\u00eds.<\/p>\n<p>\u201cEs una de las expresiones acabadas de que la pol\u00edtica se ha judicializado\u201d, dijo ayer Pablo Knopoff, analista de la consultora Isonom\u00eda. \u00a0La pelea revela parte del ADN de cada uno de los bandos: El kirchnerismo, aficionado a las batallas casi desmedidas ante cualquier evento, y la oposici\u00f3n, que busc\u00f3 la soluci\u00f3n en el Poder Judicial, tal como ha hecho durante los \u00faltimos a\u00f1os.<\/p>\n<p>\u201cEsto tiene que ver con los s\u00edmbolos. Los argentinos eligieron en estas elecciones por formas adem\u00e1s de por fondos\u201d, explic\u00f3 el analista pol\u00edtico. El kirchnerismo, agreg\u00f3, \u201clogra mucha aceptaci\u00f3n con las pol\u00edticas p\u00fablicas\u201d, pero cosecha varias \u201ccr\u00edticas sobre las formas\u201d.<\/p>\n<p>Precisamente, la novela del traspaso no es solo un escenario rid\u00edculo de la pol\u00edtica argentina, sino que es apenas un evento dentro de una serie asociada a la estrategia que permiti\u00f3 a Fern\u00e1ndez mantenerse como figura central del panorama local.<\/p>\n<\/div>\n","protected":false},"excerpt":{"rendered":"<p>EFE Buenos Aires La soluci\u00f3n al esc\u00e1ndalo por el traspaso presidencial en Argentina, donde un fallo judicial tuvo que determinar el momento del fin del mandato de Cristina Fern\u00e1ndez, es la \u201cexpresi\u00f3n acabada\u201d de la \u201cjudicializaci\u00f3n de la pol\u00edtica\u201d en el pa\u00eds suramericano. Entre la novela y el bochorno, el escenario en el que asumir\u00e1 [&hellip;]<\/p>\n","protected":false},"author":7,"featured_media":35798,"comment_status":"open","ping_status":"open","sticky":false,"template":"","format":"standard","meta":{"footnotes":""},"categories":[40,43],"tags":[],"class_list":["post-35797","post","type-post","status-publish","format-standard","has-post-thumbnail","hentry","category-internacionales","category-politica"],"_links":{"self":[{"href":"https:\/\/2horizontes.com\/index.php?rest_route=\/wp\/v2\/posts\/35797","targetHints":{"allow":["GET"]}}],"collection":[{"href":"https:\/\/2horizontes.com\/index.php?rest_route=\/wp\/v2\/posts"}],"about":[{"href":"https:\/\/2horizontes.com\/index.php?rest_route=\/wp\/v2\/types\/post"}],"author":[{"embeddable":true,"href":"https:\/\/2horizontes.com\/index.php?rest_route=\/wp\/v2\/users\/7"}],"replies":[{"embeddable":true,"href":"https:\/\/2horizontes.com\/index.php?rest_route=%2Fwp%2Fv2%2Fcomments&post=35797"}],"version-history":[{"count":1,"href":"https:\/\/2horizontes.com\/index.php?rest_route=\/wp\/v2\/posts\/35797\/revisions"}],"predecessor-version":[{"id":35799,"href":"https:\/\/2horizontes.com\/index.php?rest_route=\/wp\/v2\/posts\/35797\/revisions\/35799"}],"wp:featuredmedia":[{"embeddable":true,"href":"https:\/\/2horizontes.com\/index.php?rest_route=\/wp\/v2\/media\/35798"}],"wp:attachment":[{"href":"https:\/\/2horizontes.com\/index.php?rest_route=%2Fwp%2Fv2%2Fmedia&parent=35797"}],"wp:term":[{"taxonomy":"category","embeddable":true,"href":"https:\/\/2horizontes.com\/index.php?rest_route=%2Fwp%2Fv2%2Fcategories&post=35797"},{"taxonomy":"post_tag","embeddable":true,"href":"https:\/\/2horizontes.com\/index.php?rest_route=%2Fwp%2Fv2%2Ftags&post=35797"}],"curies":[{"name":"wp","href":"https:\/\/api.w.org\/{rel}","templated":true}]}}