{"id":35755,"date":"2015-12-09T22:22:19","date_gmt":"2015-12-09T21:22:19","guid":{"rendered":"http:\/\/2horizontes.com\/?p=35755"},"modified":"2015-12-09T22:22:19","modified_gmt":"2015-12-09T21:22:19","slug":"preso-un-hombre-que-corto-ambas-manos-a-su-pareja-rd","status":"publish","type":"post","link":"https:\/\/2horizontes.com\/?p=35755","title":{"rendered":"Preso un hombre que corto ambas manos a su pareja RD"},"content":{"rendered":"<div id=\"ArticleBody\">\n<p>RD- SAN JUAN DE LA MAGUANA-La Polic\u00eda Nacional apres\u00f3 ayer a un hombre que le amput\u00f3 las manos a su pareja con un machete, en un hecho ocurrido en el sector Los Montones, del municipio Juan de Herrera, en San Juan de la Maguana.<\/p>\n<p>La instituci\u00f3n\u00a0 identific\u00f3 al detenido como Pedro Alberto Reyes Tejeda, de 28 a\u00f1os, mientras que la agredida es Dominga P\u00e9rez, de 29 a\u00f1os.<\/p>\n<p>De acuerdo al reporte preliminar ofrecido por la Polic\u00eda, la afectada presenta amputaci\u00f3n completa de ambas manos y heridas cortantes en varias partes ocasionadas por Reyes.<\/p>\n<p>La Polic\u00eda dijo que puso a disposici\u00f3n de la justicia a Reyes, a trav\u00e9s del Ministerio P\u00fablico, mientras que P\u00e9rez recibe atenciones m\u00e9dicas en el hospital Doctor Alejandro Cabral de esa Ciudad.<\/p>\n<\/div>\n<div><\/div>\n<p>&nbsp;<\/p>\n","protected":false},"excerpt":{"rendered":"<p>RD- SAN JUAN DE LA MAGUANA-La Polic\u00eda Nacional apres\u00f3 ayer a un hombre que le amput\u00f3 las manos a su pareja con un machete, en un hecho ocurrido en el sector Los Montones, del municipio Juan de Herrera, en San Juan de la Maguana. La instituci\u00f3n\u00a0 identific\u00f3 al detenido como Pedro Alberto Reyes Tejeda, de [&hellip;]<\/p>\n","protected":false},"author":8,"featured_media":35756,"comment_status":"open","ping_status":"open","sticky":false,"template":"","format":"standard","meta":{"footnotes":""},"categories":[53,44,45],"tags":[],"class_list":["post-35755","post","type-post","status-publish","format-standard","has-post-thumbnail","hentry","category-provincias","category-republica-dominicana","category-salud"],"_links":{"self":[{"href":"https:\/\/2horizontes.com\/index.php?rest_route=\/wp\/v2\/posts\/35755","targetHints":{"allow":["GET"]}}],"collection":[{"href":"https:\/\/2horizontes.com\/index.php?rest_route=\/wp\/v2\/posts"}],"about":[{"href":"https:\/\/2horizontes.com\/index.php?rest_route=\/wp\/v2\/types\/post"}],"author":[{"embeddable":true,"href":"https:\/\/2horizontes.com\/index.php?rest_route=\/wp\/v2\/users\/8"}],"replies":[{"embeddable":true,"href":"https:\/\/2horizontes.com\/index.php?rest_route=%2Fwp%2Fv2%2Fcomments&post=35755"}],"version-history":[{"count":1,"href":"https:\/\/2horizontes.com\/index.php?rest_route=\/wp\/v2\/posts\/35755\/revisions"}],"predecessor-version":[{"id":35757,"href":"https:\/\/2horizontes.com\/index.php?rest_route=\/wp\/v2\/posts\/35755\/revisions\/35757"}],"wp:featuredmedia":[{"embeddable":true,"href":"https:\/\/2horizontes.com\/index.php?rest_route=\/wp\/v2\/media\/35756"}],"wp:attachment":[{"href":"https:\/\/2horizontes.com\/index.php?rest_route=%2Fwp%2Fv2%2Fmedia&parent=35755"}],"wp:term":[{"taxonomy":"category","embeddable":true,"href":"https:\/\/2horizontes.com\/index.php?rest_route=%2Fwp%2Fv2%2Fcategories&post=35755"},{"taxonomy":"post_tag","embeddable":true,"href":"https:\/\/2horizontes.com\/index.php?rest_route=%2Fwp%2Fv2%2Ftags&post=35755"}],"curies":[{"name":"wp","href":"https:\/\/api.w.org\/{rel}","templated":true}]}}