{"id":35752,"date":"2015-12-09T22:10:37","date_gmt":"2015-12-09T21:10:37","guid":{"rendered":"http:\/\/2horizontes.com\/?p=35752"},"modified":"2015-12-09T22:10:37","modified_gmt":"2015-12-09T21:10:37","slug":"rd-no-ha-podido-deportar-a-los-4-sirios-detenidos-porque-no-hay-vuelos-directos-rd","status":"publish","type":"post","link":"https:\/\/2horizontes.com\/?p=35752","title":{"rendered":"RD no ha podido deportar a los 4 sirios detenidos porque no hay vuelos directos RD"},"content":{"rendered":"<p>RD- SANTO DOMINGO- El director general de Migraci\u00f3n, mayor general, Rub\u00e9n Paulino Sem, declar\u00f3 que los cuatro ciudadanos de nacionalidad siria detenidos en el aeropuerto Las Am\u00e9ricas no han podido ser deportados a su pa\u00eds, porque no existen vuelos directos entre Siria y la Rep\u00fablica Dominicana.<\/p>\n<p>El general Paulino Sem explic\u00f3 que sin embargo que la Direcci\u00f3n General de Migraci\u00f3n est\u00e1 siendo las conexiones con las diferentes embajadas acreditadas en el pa\u00eds, para que ellos puedan aceptarlos en escalas, hacia su pa\u00eds.<\/p>\n<p>Dijo que Brasil rehus\u00f3 recibirlos en escala y que ahora se hizo una nueva la solicitud al gobierno franc\u00e9s, a trav\u00e9s de su embajada en la Rep\u00fablica Dominicana, y se est\u00e1 a la esperando una repuesta en ese sentido de las autoridades de esa naci\u00f3n.<\/p>\n<p>Explic\u00f3 el funcionario que ellos tienen que darle un visado de tr\u00e1nsito de manera que \u00e9stos puedan hacer escala all\u00ed en su trayecto definitivo a Siria.<\/p>\n<p>Record\u00f3 que los cuatro extranjeros entraron al pa\u00eds, legalmente, por el aeropuerto de Punta Cana,\u00a0 pero que desde aqu\u00ed intentaron viajar de manera irregular a Espa\u00f1a en un vuelo de Air Europa, sin la documentaci\u00f3n requerida.<\/p>\n<p>\u201cEllos todav\u00eda est\u00e1n recluidos en el Centro Vocacional de Haina a la espera de que el gobierno franc\u00e9s, a trav\u00e9s de la embajada en el pa\u00eds, nos d\u00e9 una repuesta en ese sentido\u201d, expres\u00f3 el director general de Migraci\u00f3n<\/p>\n<p><strong>Deportan 55 cubanos\u00a0<\/strong><\/p>\n<p>El director de Migraci\u00f3n revel\u00f3 que este a\u00f1o han sido deportados a su pa\u00eds,\u00a0 cincuenta y cinco\u00a0 cubanos que se encontraban residiendo de manera ilegal en la Rep\u00fablica Dominicana.<\/p>\n<p>Paulino Sem dijo que los cubanos deportados hab\u00edan entrado a territorio nacional con visita de turista y otros por los puntos fronterizos de la Rep\u00fablica Dominicana con Hait\u00ed.<\/p>\n<p>A\u00f1adi\u00f3 que desde aqu\u00ed los extranjeros intentaron viajar en yola hacia Puerto Rico, siendo capturados en alta mar por miembros de la Armada Dominicana y entregado a Migraci\u00f3n.<\/p>\n<p>Explic\u00f3 que previo a su deportaci\u00f3n\u00a0 los cubanos se encontraban recluidos en el Centro Vacacional de Haina, de donde fueron trasladados al aeropuerto Las Am\u00e9ricas y posteriormente enviados a su pa\u00eds.<\/p>\n<p>Seg\u00fan se indic\u00f3, los extranjeros estaban en la Rep\u00fablica Dominicana desde hac\u00eda varios\u00a0 meses, sin documentos que ampararan su permanencia en territorio dominicano.<\/p>\n<p>Precis\u00f3 que los 55 fueron deportados en vuelos de la l\u00ednea a\u00e9rea Cubana de Aviaci\u00f3n, que realiza\u00a0 operaciones regulares los jueves y domingo a la Rep\u00fablica Dominicana, desde el aeropuerto Las Am\u00e9ricas.<\/p>\n<p>El director general de Migraci\u00f3n hizo sus declaraciones en el marco de un encuentro navide\u00f1o con los periodistas de diferentes medios de comunicaci\u00f3n que cubren la fuente del aeropuerto Las Am\u00e9ricas.<\/p>\n","protected":false},"excerpt":{"rendered":"<p>RD- SANTO DOMINGO- El director general de Migraci\u00f3n, mayor general, Rub\u00e9n Paulino Sem, declar\u00f3 que los cuatro ciudadanos de nacionalidad siria detenidos en el aeropuerto Las Am\u00e9ricas no han podido ser deportados a su pa\u00eds, porque no existen vuelos directos entre Siria y la Rep\u00fablica Dominicana. El general Paulino Sem explic\u00f3 que sin embargo que [&hellip;]<\/p>\n","protected":false},"author":8,"featured_media":35753,"comment_status":"open","ping_status":"open","sticky":false,"template":"","format":"standard","meta":{"footnotes":""},"categories":[54,44],"tags":[],"class_list":["post-35752","post","type-post","status-publish","format-standard","has-post-thumbnail","hentry","category-emigrantes","category-republica-dominicana"],"_links":{"self":[{"href":"https:\/\/2horizontes.com\/index.php?rest_route=\/wp\/v2\/posts\/35752","targetHints":{"allow":["GET"]}}],"collection":[{"href":"https:\/\/2horizontes.com\/index.php?rest_route=\/wp\/v2\/posts"}],"about":[{"href":"https:\/\/2horizontes.com\/index.php?rest_route=\/wp\/v2\/types\/post"}],"author":[{"embeddable":true,"href":"https:\/\/2horizontes.com\/index.php?rest_route=\/wp\/v2\/users\/8"}],"replies":[{"embeddable":true,"href":"https:\/\/2horizontes.com\/index.php?rest_route=%2Fwp%2Fv2%2Fcomments&post=35752"}],"version-history":[{"count":1,"href":"https:\/\/2horizontes.com\/index.php?rest_route=\/wp\/v2\/posts\/35752\/revisions"}],"predecessor-version":[{"id":35754,"href":"https:\/\/2horizontes.com\/index.php?rest_route=\/wp\/v2\/posts\/35752\/revisions\/35754"}],"wp:featuredmedia":[{"embeddable":true,"href":"https:\/\/2horizontes.com\/index.php?rest_route=\/wp\/v2\/media\/35753"}],"wp:attachment":[{"href":"https:\/\/2horizontes.com\/index.php?rest_route=%2Fwp%2Fv2%2Fmedia&parent=35752"}],"wp:term":[{"taxonomy":"category","embeddable":true,"href":"https:\/\/2horizontes.com\/index.php?rest_route=%2Fwp%2Fv2%2Fcategories&post=35752"},{"taxonomy":"post_tag","embeddable":true,"href":"https:\/\/2horizontes.com\/index.php?rest_route=%2Fwp%2Fv2%2Ftags&post=35752"}],"curies":[{"name":"wp","href":"https:\/\/api.w.org\/{rel}","templated":true}]}}