{"id":35722,"date":"2015-12-09T21:14:41","date_gmt":"2015-12-09T20:14:41","guid":{"rendered":"http:\/\/2horizontes.com\/?p=35722"},"modified":"2015-12-09T21:14:41","modified_gmt":"2015-12-09T20:14:41","slug":"guindos-defiende-que-hay-margen-para-bajar-los-impuestos-en-la-proxima-legislatura","status":"publish","type":"post","link":"https:\/\/2horizontes.com\/?p=35722","title":{"rendered":"Guindos defiende que hay margen para bajar los impuestos en la pr\u00f3xima legislatura"},"content":{"rendered":"<p>El ministro de Econom\u00eda y Competitividad, Luis de Guindos, ha asegurado este martes que \u00abhay margen\u00bb para bajar los impuestos en la pr\u00f3xima legislatura siempre que se cumplan las proyecciones que maneja el Ejecutivo, tal y como defendi\u00f3 este lunes la vicepresidenta del Gobierno, Soraya S\u00e1enz de Santamar\u00eda, en el debate que mantuvo con los candidatos del PSOE, Podemos y Ciudadanos a la presidencia en las elecciones del 20 de diciembre.<\/p>\n<p>El planteamiento del Gobierno es muy simple: est\u00e1n mejorando las bases imponibles, est\u00e1 mejorando la elasticidad de los impuestos.<\/p>\n<p>Eso permite tener m\u00e1s recaudaci\u00f3n y, l\u00f3gicamente, esa recaudaci\u00f3n, que tambi\u00e9n permite reducir el d\u00e9ficit, se puede ir devolviendo a los contribuyente y reducir los impuestos\u00bb, ha expresado antes de participar en la reuni\u00f3n de ministros de Econom\u00eda de la UE (Ecofin).<\/p>\n<p>En este sentido, el responsable de la cartera de Econom\u00eda ha afirmado que cuando se refiere a una posible bajada de impuestos hace referencia al IRPF, al impuesto de sociedades y al gravamen sobre pymes y aut\u00f3nomos.<\/p>\n<p>Lo importante es que al diferencia de lo que ocurr\u00eda hace 4 o 5 a\u00f1os, en los cuales hab\u00eda crecimiento negativo y el crecimiento nominal se contra\u00eda, ahora ocurre todo lo contrario\u00bb, ha destacado el ministro, para despu\u00e9s apuntar que el incremento de las bases imponibles \u00abes muy importante\u00bb y que la sensibilidad de los impuestos al crecimiento econ\u00f3mico \u00abva mejorando\u00bb.<\/p>\n<p>Eso es lo que va a facilitar reducir el d\u00e9ficit p\u00fablico y que se puedan bajar los impuestos\u00bb, ha explicado. En este sentido, preguntado por la eventual reacci\u00f3n del Ejecutivo comunitario por esta posible bajada de impuestos, De Guindos ha se\u00f1alado que Bruselas ver\u00e1 \u00abque Espa\u00f1a cumple con los objetivos de crecimiento y con los objetivos de d\u00e9ficit\u00bb.<\/p>\n<p>En relaci\u00f3n a la posici\u00f3n de Pedro S\u00e1nchez y Pablo Iglesias de aplazar los objetivos de d\u00e9ficit en los pr\u00f3ximos a\u00f1os, De Guindos ha asegurado que \u00abser\u00eda una marcha atr\u00e1s importante\u00bb, puesto que el pa\u00eds \u00abest\u00e1 en la senda de cumplir\u00bb con los mismos. \u00abEs fundamental para la confianza\u00bb, ha a\u00f1adido.<\/p>\n<p>En la misma l\u00ednea, el ministro ha reiterado que habr\u00e1 una revisi\u00f3n al alza de la previsiones de crecimiento para Espa\u00f1a debido a que en el cuarto trimestre \u00abno ha habido una desaceleraci\u00f3n\u00bb, sino un \u00abincremento de la actividad\u00bb, una tendencia que \u00abse puede mantener perfectamente a lo largo del a\u00f1o que viene\u00bb.<\/p>\n<p>La proyecci\u00f3n de crecimiento del 3% es perfectamente cumplible, ten\u00edamos divergencia con la Comisi\u00f3n Europea, pero como siempre ha pasado, las proyecciones del Gobierno espa\u00f1ol van a ser m\u00e1s exactas\u00bb que las del Ejecutivo comunitario.<\/p>\n","protected":false},"excerpt":{"rendered":"<p>El ministro de Econom\u00eda y Competitividad, Luis de Guindos, ha asegurado este martes que \u00abhay margen\u00bb para bajar los impuestos en la pr\u00f3xima legislatura siempre que se cumplan las proyecciones que maneja el Ejecutivo, tal y como defendi\u00f3 este lunes la vicepresidenta del Gobierno, Soraya S\u00e1enz de Santamar\u00eda, en el debate que mantuvo con los [&hellip;]<\/p>\n","protected":false},"author":3,"featured_media":35725,"comment_status":"open","ping_status":"open","sticky":false,"template":"","format":"standard","meta":{"footnotes":""},"categories":[63,85],"tags":[],"class_list":["post-35722","post","type-post","status-publish","format-standard","has-post-thumbnail","hentry","category-economia","category-espana"],"_links":{"self":[{"href":"https:\/\/2horizontes.com\/index.php?rest_route=\/wp\/v2\/posts\/35722","targetHints":{"allow":["GET"]}}],"collection":[{"href":"https:\/\/2horizontes.com\/index.php?rest_route=\/wp\/v2\/posts"}],"about":[{"href":"https:\/\/2horizontes.com\/index.php?rest_route=\/wp\/v2\/types\/post"}],"author":[{"embeddable":true,"href":"https:\/\/2horizontes.com\/index.php?rest_route=\/wp\/v2\/users\/3"}],"replies":[{"embeddable":true,"href":"https:\/\/2horizontes.com\/index.php?rest_route=%2Fwp%2Fv2%2Fcomments&post=35722"}],"version-history":[{"count":1,"href":"https:\/\/2horizontes.com\/index.php?rest_route=\/wp\/v2\/posts\/35722\/revisions"}],"predecessor-version":[{"id":35726,"href":"https:\/\/2horizontes.com\/index.php?rest_route=\/wp\/v2\/posts\/35722\/revisions\/35726"}],"wp:featuredmedia":[{"embeddable":true,"href":"https:\/\/2horizontes.com\/index.php?rest_route=\/wp\/v2\/media\/35725"}],"wp:attachment":[{"href":"https:\/\/2horizontes.com\/index.php?rest_route=%2Fwp%2Fv2%2Fmedia&parent=35722"}],"wp:term":[{"taxonomy":"category","embeddable":true,"href":"https:\/\/2horizontes.com\/index.php?rest_route=%2Fwp%2Fv2%2Fcategories&post=35722"},{"taxonomy":"post_tag","embeddable":true,"href":"https:\/\/2horizontes.com\/index.php?rest_route=%2Fwp%2Fv2%2Ftags&post=35722"}],"curies":[{"name":"wp","href":"https:\/\/api.w.org\/{rel}","templated":true}]}}