{"id":35625,"date":"2015-12-09T12:38:09","date_gmt":"2015-12-09T11:38:09","guid":{"rendered":"http:\/\/2horizontes.com\/?p=35625"},"modified":"2015-12-09T12:38:09","modified_gmt":"2015-12-09T11:38:09","slug":"dos-grafiteros-espanoles-mueren-arrollados-por-un-tren-en-portugal","status":"publish","type":"post","link":"https:\/\/2horizontes.com\/?p=35625","title":{"rendered":"Dos grafiteros espa\u00f1oles mueren arrollados por un tren en Portugal"},"content":{"rendered":"<p>Dos j\u00f3venes espa\u00f1oles, residentes en Madrid, han fallecido atropellados en un accidente registrado cerca de Oporto (Portugal), en el distrito de Aguas Santas, seg\u00fan han confirmado fuentes policiales portuguesas. El accidente se produjo el lunes a las 20.45 horas, cuando tres j\u00f3venes que se encontraban haciendo grafitis fueron arrollados por un tren. Uno de los fallecidos era portugu\u00e9s y los otros dos, espa\u00f1oles.<\/p>\n<p>El primero de los espa\u00f1oles, de 20 a\u00f1os y vecino de Madrid, ha sido identificado en la ma\u00f1ana de este martes. El segundo joven no ha podido ser identificado oficialmente, pero los familiares del otro fallecido han confirmado que se trata de un espa\u00f1ol de 18 a\u00f1os.<\/p>\n<p>Las autoridades portuguesas han avisado a los familiares de los j\u00f3venes, al consulado y a las autoridades espa\u00f1olas, pero los tr\u00e1mites para facilitar la repatriaci\u00f3n de los cuerpos empezar\u00e1n este mi\u00e9rcoles ya que en Portugal la jornada del martes tambi\u00e9n ha sido festiva, seg\u00fan indicaron las mismas fuentes.<\/p>\n","protected":false},"excerpt":{"rendered":"<p>Dos j\u00f3venes espa\u00f1oles, residentes en Madrid, han fallecido atropellados en un accidente registrado cerca de Oporto (Portugal), en el distrito de Aguas Santas, seg\u00fan han confirmado fuentes policiales portuguesas. El accidente se produjo el lunes a las 20.45 horas, cuando tres j\u00f3venes que se encontraban haciendo grafitis fueron arrollados por un tren. Uno de los [&hellip;]<\/p>\n","protected":false},"author":3,"featured_media":35626,"comment_status":"open","ping_status":"open","sticky":false,"template":"","format":"standard","meta":{"footnotes":""},"categories":[85,86],"tags":[],"class_list":["post-35625","post","type-post","status-publish","format-standard","has-post-thumbnail","hentry","category-espana","category-europa"],"_links":{"self":[{"href":"https:\/\/2horizontes.com\/index.php?rest_route=\/wp\/v2\/posts\/35625","targetHints":{"allow":["GET"]}}],"collection":[{"href":"https:\/\/2horizontes.com\/index.php?rest_route=\/wp\/v2\/posts"}],"about":[{"href":"https:\/\/2horizontes.com\/index.php?rest_route=\/wp\/v2\/types\/post"}],"author":[{"embeddable":true,"href":"https:\/\/2horizontes.com\/index.php?rest_route=\/wp\/v2\/users\/3"}],"replies":[{"embeddable":true,"href":"https:\/\/2horizontes.com\/index.php?rest_route=%2Fwp%2Fv2%2Fcomments&post=35625"}],"version-history":[{"count":1,"href":"https:\/\/2horizontes.com\/index.php?rest_route=\/wp\/v2\/posts\/35625\/revisions"}],"predecessor-version":[{"id":35627,"href":"https:\/\/2horizontes.com\/index.php?rest_route=\/wp\/v2\/posts\/35625\/revisions\/35627"}],"wp:featuredmedia":[{"embeddable":true,"href":"https:\/\/2horizontes.com\/index.php?rest_route=\/wp\/v2\/media\/35626"}],"wp:attachment":[{"href":"https:\/\/2horizontes.com\/index.php?rest_route=%2Fwp%2Fv2%2Fmedia&parent=35625"}],"wp:term":[{"taxonomy":"category","embeddable":true,"href":"https:\/\/2horizontes.com\/index.php?rest_route=%2Fwp%2Fv2%2Fcategories&post=35625"},{"taxonomy":"post_tag","embeddable":true,"href":"https:\/\/2horizontes.com\/index.php?rest_route=%2Fwp%2Fv2%2Ftags&post=35625"}],"curies":[{"name":"wp","href":"https:\/\/api.w.org\/{rel}","templated":true}]}}