{"id":35608,"date":"2015-12-09T09:40:32","date_gmt":"2015-12-09T08:40:32","guid":{"rendered":"http:\/\/2horizontes.com\/?p=35608"},"modified":"2015-12-09T09:40:32","modified_gmt":"2015-12-09T08:40:32","slug":"identificaron-al-tercer-kamikaze-del-atentado-contra-le-bataclan-en-paris","status":"publish","type":"post","link":"https:\/\/2horizontes.com\/?p=35608","title":{"rendered":"Identificaron al tercer kamikaze del atentado contra Le Bataclan en Par\u00eds"},"content":{"rendered":"<div class=\"cuerposmart clearfix\">\n<div>\n<div>\n<p><strong>Par\u00eds<\/strong><\/p>\n<p>Un franc\u00e9s de 23 a\u00f1os que hab\u00eda partido a Siria a fines de 2013 fue identificado como el tercer kamikaze de la sala de conciertos Le Bataclan, donde 90 personas murieron en los atentados del pasado 13 de noviembre en Par\u00eds.<\/p>\n<p>Seg\u00fan una fuente del dossier, el yihadista, Fued Mohamed Aggad, originario de Estrasburgo (este), hab\u00eda partido a Siria junto a su hermano y un grupo de amigos. La mayor\u00eda de ellos fueron detenidos en 2014 a su vuelta a Francia, pero \u00e9l se qued\u00f3 en ese pa\u00eds.<\/p>\n<p>Su identidad fue establecida a fines de la semana pasada, despu\u00e9s de un largo y minucioso trabajo de investigaci\u00f3n por parte de la polic\u00eda cient\u00edfica francesa.<\/p>\n<p>Su hermano mayor, Karim, de 25 a\u00f1os, se encuentra actualmente detenido despu\u00e9s de un viaje a Siria entre diciembre de 2013 y marzo de 2014.<\/p>\n<p>Ambos son de una familia de cuatro hijos, originarios de una municipalidad cercana a la ciudad de Estrasburgo.<\/p>\n<p>Juntos viajaron a la zona de combate en Siria a fines de 2013 con otros ocho amigos. Dos de ellos, murieron al poco tiempo de llegar, mientras que los dem\u00e1s volvieron a su barrio de origen en Francia entre febrero y marzo de 2014. En mayo de ese mismo a\u00f1o fueron detenidos.<\/p>\n<p>Fued, que fue el \u00fanico en quedarse en Siria, informaba a menudo a su familia, seg\u00fan dijo su mam\u00e1, nacida en Oujda, en Marruecos.<\/p>\n<\/div>\n<div>\n<div><i>En desarrollo&#8230;<\/i><\/div>\n<\/div>\n<\/div>\n<\/div>\n<div class=\"narrowcontent\">AFP<\/div>\n","protected":false},"excerpt":{"rendered":"<p>Par\u00eds Un franc\u00e9s de 23 a\u00f1os que hab\u00eda partido a Siria a fines de 2013 fue identificado como el tercer kamikaze de la sala de conciertos Le Bataclan, donde 90 personas murieron en los atentados del pasado 13 de noviembre en Par\u00eds. Seg\u00fan una fuente del dossier, el yihadista, Fued Mohamed Aggad, originario de Estrasburgo [&hellip;]<\/p>\n","protected":false},"author":7,"featured_media":35609,"comment_status":"open","ping_status":"open","sticky":false,"template":"","format":"standard","meta":{"footnotes":""},"categories":[86,40],"tags":[],"class_list":["post-35608","post","type-post","status-publish","format-standard","has-post-thumbnail","hentry","category-europa","category-internacionales"],"_links":{"self":[{"href":"https:\/\/2horizontes.com\/index.php?rest_route=\/wp\/v2\/posts\/35608","targetHints":{"allow":["GET"]}}],"collection":[{"href":"https:\/\/2horizontes.com\/index.php?rest_route=\/wp\/v2\/posts"}],"about":[{"href":"https:\/\/2horizontes.com\/index.php?rest_route=\/wp\/v2\/types\/post"}],"author":[{"embeddable":true,"href":"https:\/\/2horizontes.com\/index.php?rest_route=\/wp\/v2\/users\/7"}],"replies":[{"embeddable":true,"href":"https:\/\/2horizontes.com\/index.php?rest_route=%2Fwp%2Fv2%2Fcomments&post=35608"}],"version-history":[{"count":1,"href":"https:\/\/2horizontes.com\/index.php?rest_route=\/wp\/v2\/posts\/35608\/revisions"}],"predecessor-version":[{"id":35610,"href":"https:\/\/2horizontes.com\/index.php?rest_route=\/wp\/v2\/posts\/35608\/revisions\/35610"}],"wp:featuredmedia":[{"embeddable":true,"href":"https:\/\/2horizontes.com\/index.php?rest_route=\/wp\/v2\/media\/35609"}],"wp:attachment":[{"href":"https:\/\/2horizontes.com\/index.php?rest_route=%2Fwp%2Fv2%2Fmedia&parent=35608"}],"wp:term":[{"taxonomy":"category","embeddable":true,"href":"https:\/\/2horizontes.com\/index.php?rest_route=%2Fwp%2Fv2%2Fcategories&post=35608"},{"taxonomy":"post_tag","embeddable":true,"href":"https:\/\/2horizontes.com\/index.php?rest_route=%2Fwp%2Fv2%2Ftags&post=35608"}],"curies":[{"name":"wp","href":"https:\/\/api.w.org\/{rel}","templated":true}]}}