{"id":35589,"date":"2015-12-09T09:03:10","date_gmt":"2015-12-09T08:03:10","guid":{"rendered":"http:\/\/2horizontes.com\/?p=35589"},"modified":"2015-12-09T09:03:10","modified_gmt":"2015-12-09T08:03:10","slug":"maduro-dice-que-en-los-comicios-legislativos-ganaron-los-malos","status":"publish","type":"post","link":"https:\/\/2horizontes.com\/?p=35589","title":{"rendered":"Maduro dice que en los comicios legislativos \u00abganaron los malos\u00bb"},"content":{"rendered":"<div id=\"ArticleAuthorDiv\" class=\"article-body-author\"><b>EFE<\/b><\/div>\n<div id=\"ArticleSourceDiv\" class=\"article-body-author\"><b>Caracas<\/b><\/div>\n<div id=\"ArticleBody\">\n<p>El presidente de Venezuela, Nicol\u00e1s Maduro, dijo ayer que en las elecciones legislativas del pasado domingo \u00abganaron los malos\u00bb y apunt\u00f3 que la oposici\u00f3n, que ahora es mayor\u00eda en el Parlamento, ya ha sacado su \u00abodio\u00bb y ha anunciado, supuestamente, que derogar\u00e1 las leyes \u00abdel poder popular\u00bb.<\/p>\n<p>\u00abSe impusieron los malos, ganaron los malos, ganaron como ganan los malos, con la mentira con el enga\u00f1o, con la oferta enga\u00f1osa, con la estafa\u00bb, dijo el presidente durante su programa de radio y televisi\u00f3n \u00abEn contacto con Maduro\u00bb.<\/p>\n<p>El mandatario reiter\u00f3 que la derrota que sufri\u00f3 el chavismo el pasado domingo, cuando la oposici\u00f3n logr\u00f3 112 diputados contra 55 del oficialismo, es un \u00abrev\u00e9s electoral\u00bb y que su Gobierno sigue de pie pues cont\u00f3 con el apoyo de los 43 % de los votos que se emitieron en las legislativas.<\/p>\n<p>\u00abEn Venezuela no gan\u00f3 una oposici\u00f3n democr\u00e1tica, gan\u00f3 una contrarrevoluci\u00f3n, utilizando la Constituci\u00f3n, y lo primero que hicieron es sacar su odio, su odio desmedido\u00bb, dijo Maduro al se\u00f1alar al diputado electo opositor Henry Ramos Allup de sacar \u00absu desprecio\u00bb y \u00abracismo social\u00bb.<\/p>\n<p>El gobernante se\u00f1al\u00f3 a Ramos Allup de amenazar a los trabajadores de los medios de comunicaci\u00f3n de la Asamblea Nacional (AN, Parlamento) despu\u00e9s de que este dijera hoy que estos medios sufrir\u00e1n cambios y los directivos ser\u00e1n removidos.<\/p>\n<p>\u00abSi hubo un cambio, pero todo anuncia que el cambio fue para peor, fue para mal, ya anunciaron que van a derogar las leyes del poder popular (&#8230;) ya anunciando todo su plan desmedido contra la uni\u00f3n de Am\u00e9rica Latina y El Caribe, pero particularmente contra los trabajadores de la ANTV (canal del Parlamento)\u00bb, dijo.<\/p>\n<p>El gobernante exhibi\u00f3 los v\u00eddeos con las declaraciones de Ramos Allup aunque no especific\u00f3 en qu\u00e9 momento la oposici\u00f3n hizo supuestos anuncios sobre la derogaci\u00f3n de leyes o contra la uni\u00f3n de los pa\u00edses de la regi\u00f3n.<\/p>\n<p>El Consejo Nacional Electoral (CNE) anunci\u00f3 hoy los \u00faltimos resultados de las legislativas del domingo con los que se confirma que la oposici\u00f3n obtuvo 112 diputados, lo que significa una mayor\u00eda \u00abcalificada\u00bb de dos tercios que le permiten tomar las m\u00e1s altas decisiones que puede tener el Poder Legislativo.<\/p>\n<\/div>\n","protected":false},"excerpt":{"rendered":"<p>EFE Caracas El presidente de Venezuela, Nicol\u00e1s Maduro, dijo ayer que en las elecciones legislativas del pasado domingo \u00abganaron los malos\u00bb y apunt\u00f3 que la oposici\u00f3n, que ahora es mayor\u00eda en el Parlamento, ya ha sacado su \u00abodio\u00bb y ha anunciado, supuestamente, que derogar\u00e1 las leyes \u00abdel poder popular\u00bb. \u00abSe impusieron los malos, ganaron los [&hellip;]<\/p>\n","protected":false},"author":7,"featured_media":35590,"comment_status":"open","ping_status":"open","sticky":false,"template":"","format":"standard","meta":{"footnotes":""},"categories":[40,43,48],"tags":[],"class_list":["post-35589","post","type-post","status-publish","format-standard","has-post-thumbnail","hentry","category-internacionales","category-politica","category-venezuela"],"_links":{"self":[{"href":"https:\/\/2horizontes.com\/index.php?rest_route=\/wp\/v2\/posts\/35589","targetHints":{"allow":["GET"]}}],"collection":[{"href":"https:\/\/2horizontes.com\/index.php?rest_route=\/wp\/v2\/posts"}],"about":[{"href":"https:\/\/2horizontes.com\/index.php?rest_route=\/wp\/v2\/types\/post"}],"author":[{"embeddable":true,"href":"https:\/\/2horizontes.com\/index.php?rest_route=\/wp\/v2\/users\/7"}],"replies":[{"embeddable":true,"href":"https:\/\/2horizontes.com\/index.php?rest_route=%2Fwp%2Fv2%2Fcomments&post=35589"}],"version-history":[{"count":1,"href":"https:\/\/2horizontes.com\/index.php?rest_route=\/wp\/v2\/posts\/35589\/revisions"}],"predecessor-version":[{"id":35591,"href":"https:\/\/2horizontes.com\/index.php?rest_route=\/wp\/v2\/posts\/35589\/revisions\/35591"}],"wp:featuredmedia":[{"embeddable":true,"href":"https:\/\/2horizontes.com\/index.php?rest_route=\/wp\/v2\/media\/35590"}],"wp:attachment":[{"href":"https:\/\/2horizontes.com\/index.php?rest_route=%2Fwp%2Fv2%2Fmedia&parent=35589"}],"wp:term":[{"taxonomy":"category","embeddable":true,"href":"https:\/\/2horizontes.com\/index.php?rest_route=%2Fwp%2Fv2%2Fcategories&post=35589"},{"taxonomy":"post_tag","embeddable":true,"href":"https:\/\/2horizontes.com\/index.php?rest_route=%2Fwp%2Fv2%2Ftags&post=35589"}],"curies":[{"name":"wp","href":"https:\/\/api.w.org\/{rel}","templated":true}]}}