{"id":35580,"date":"2015-12-08T21:13:47","date_gmt":"2015-12-08T20:13:47","guid":{"rendered":"http:\/\/2horizontes.com\/?p=35580"},"modified":"2015-12-08T21:13:47","modified_gmt":"2015-12-08T20:13:47","slug":"las-muertes-que-conmovieron-el-espectaculo-local-en-rd-2015","status":"publish","type":"post","link":"https:\/\/2horizontes.com\/?p=35580","title":{"rendered":"Las muertes que conmovieron el espect\u00e1culo local en RD 2015"},"content":{"rendered":"<p>En el 2015 no todo ha sido diversi\u00f3n y alegr\u00eda. Las notas tristes tambi\u00e9n causaron conmoci\u00f3n en la Rep\u00fablica Dominicana por el fallecimiento de varias personalidades del arte y el espect\u00e1culo nacional.<\/p>\n<p>La triste lista inici\u00f3 el 30 de enero cuando el pa\u00eds se conmovi\u00f3 por la muerte de Lope Balaguer, una de las leyendas de la m\u00fasica rom\u00e1ntica. \u201cEl Cantantazo\u201d falleci\u00f3 a los 89 a\u00f1os de edad, en su residencia.<\/p>\n<p>El mundo del cine despidi\u00f3 a una joven promesa, el actor dominicano Carlos Quezada, quien perdi\u00f3 una batalla contra el c\u00e1ncer, el pasado 10 de julio. Quezada, quien desde hac\u00eda un a\u00f1o padec\u00eda leucemia, muri\u00f3 en The Mount Sinai Hospital, Estados Unidos. Se inici\u00f3 como actor de cortometrajes en proyectos propios y de otros compa\u00f1eros. Con el corto \u201cR\u00e9cord\u201d gan\u00f3 cinco premios en un festival en la Universidad Aut\u00f3noma de Santo Domingo \u2013UASD-.<br \/>\nTambi\u00e9n trabaj\u00f3 en las pel\u00edculas \u201cEl s\u00f3tano\u201d, \u201cEn medio del dolor\u201d, \u201cBiodegradable\u201d, \u201cEl gallo\u201d y \u201cQuiero ser fiel\u201d<br \/>\nDos d\u00edas despu\u00e9s, la sociedad en general despidi\u00f3 al famoso pintor, muralista, dibujante y grabador, Ram\u00f3n Oviedo, Al momento de su deceso ten\u00eda 92 a\u00f1os.<\/p>\n<p>Oviedo naci\u00f3 en 1924 en Barahona y fue reconocido por el Congreso Nacional como el \u201cMaestro Ilustre de la Pintura Dominicano\u201d. Lleg\u00f3 a ganar varios premios y reconocimientos nacionales e internacionales, entre ellos, la Orden al M\u00e9rito de Duarte, S\u00e1nchez y Mella (otorgada por el gobierno dominicano en 1997) y la Condecoraci\u00f3n Chevalier de l\u2019 ordre des Arts et des Lettres que emite el Ministerio de Cultura y Comunicaci\u00f3n del Gobierno franc\u00e9s.<\/p>\n<p>Otra nota que conmocion\u00f3 a los dominicanos y extranjeros fue el fallecimiento de Fernando Echavarr\u00eda, quien por paradojas del destino la muerte lo sorprendi\u00f3 minutos antes de hacer lo que m\u00e1s le gustaba, cantar para el p\u00fablico, en el centro comercial Galer\u00eda 360, como parte del concierto \u201cDe dominicana pa\u2019l mundo\u201d, junto a la cantautora Henya.<\/p>\n<p>El fundador de La Familia Andr\u00e9 muri\u00f3 a causa de un infarto fulminante cuando estaba en el camerino del establecimiento, el 10 de octubre. Ten\u00eda 62 a\u00f1os de edad.<\/p>\n<p>Meses despu\u00e9s, el teatro dominicano sufrir\u00eda una sensible p\u00e9rdida con la muerte del director Enrique Chao, la madrugada del 14 de septiembre, producto de un infarto. Su deceso se produjo en la cl\u00ednica Independencia, donde fue llevado aquejado por un dolor. El teatrista, quien ten\u00eda 70 a\u00f1os de edad, sufr\u00eda de hipertensi\u00f3n. Hace pocos d\u00edas se denunci\u00f3 que su tumba hab\u00eda sido saqueada por desconocidos para robarles las varillas.<\/p>\n<p>Otra luminaria de la clase art\u00edstica dominicana que perdi\u00f3 la batalla contra un c\u00e1ncer fue el merenguero Benny Sadel. Su deceso se produjo el 5 de noviembre a las 7:00 de la ma\u00f1ana en compa\u00f1\u00eda de su esposa e hijos en la ciudad de Nueva York, en Estados Unidos. Este entierro fue el m\u00e1s pol\u00e9mico, ya que sus familiares no se pon\u00edan de acuerdo sobre el lugar de entierro de los restos del int\u00e9rprete. Finalmente recibi\u00f3 cristiana sepultura en su natal Tamayo, y no en New Jersey donde residi\u00f3 por muchos a\u00f1os.<\/p>\n<p><strong>La clase locutoril<\/strong><br \/>\nEl n\u00famero m\u00e1s alto de fallecimientos en el mundo del entretenimiento se produjo en la clase locutoril dominicana. Fallecieron figuras como el reconocido locutor Dar\u00edo Est\u00e9vez, quien perdi\u00f3 la vida el 15 de enero, a los 89 a\u00f1os de edad. Estaba aquejado de salud y su deceso se produjo en su residencia.<\/p>\n<p>Tambi\u00e9n caus\u00f3 profunda pena el deceso de Lino Minier, quien ten\u00eda fuertes lazos con el Partido de la Liberaci\u00f3n Dominicana (PLD).Falleci\u00f3 en la madrugada del 25 de marzo, por causas que no especificaron los familiares.<\/p>\n<p>Tres d\u00edas despu\u00e9s, el espect\u00e1culo recibi\u00f3 otra noticia gris con la muerte del presentador de televisi\u00f3n y expresidente de Acroarte, J. Eduardo Mart\u00ednez.<\/p>\n<p>Desde hac\u00eda unos meses estaba aquejado de salud a causa de complicaciones en las v\u00edas respiratorias y se le hab\u00eda aconsejado realizarse un cateterismo.<\/p>\n<p>La m\u00e1s sensible despedida en la clase locutoril se produjo con el fallecimiento de la leyenda del micr\u00f3fono Juan Nova Ram\u00edrez, el 5 de mayo, tras padecer problemas card\u00edacos a causa de insuficiencia respiratoria. El deceso del veterano comunicador se produjo a las 5:40 de esa fat\u00eddica tarde en el Centro de Diagn\u00f3stico y Medicina Avanzada y de Conferencias M\u00e9dicas y Telemedicina (Cedimat), de la Plaza de la Salud. Otros profesionales fallecidos fueron Ricardo Gil Morales (31 de julio) y Willian Tav\u00e1rez (7 de agosto), quienes dejaron sus huellas en la radio dominicana.<\/p>\n<p><strong>La poblaci\u00f3n acompa\u00f1\u00f3 a artistas en el dolor<\/strong><\/p>\n<p>Cuando la muerte afecta a los parientes cercanos de los artistas, el dolor transciende a la poblaci\u00f3n, como sucedi\u00f3 en el caso del merenguero t\u00edpico Krisspy, quien a principios de agosto perdi\u00f3 a su hijo de 11 a\u00f1os, Krissspy Jr., a causa de una bacteria pulmonar. La muerte de la progenitora de Wason Brazob\u00e1n, Fl\u00e9rida Guzm\u00e1n, tambi\u00e9n entristeci\u00f3 a los dominicanos, \u00a0al igual que el fallecimiento del padre del merenguero Fernando Villalona, \u00c1ngel Ram\u00f3n Villalona Reyes, a causa de un infarto.<\/p>\n<p>EL CARIBE<\/p>\n<p>&nbsp;<\/p>\n","protected":false},"excerpt":{"rendered":"<p>En el 2015 no todo ha sido diversi\u00f3n y alegr\u00eda. Las notas tristes tambi\u00e9n causaron conmoci\u00f3n en la Rep\u00fablica Dominicana por el fallecimiento de varias personalidades del arte y el espect\u00e1culo nacional. La triste lista inici\u00f3 el 30 de enero cuando el pa\u00eds se conmovi\u00f3 por la muerte de Lope Balaguer, una de las leyendas [&hellip;]<\/p>\n","protected":false},"author":8,"featured_media":35581,"comment_status":"open","ping_status":"open","sticky":false,"template":"","format":"standard","meta":{"footnotes":""},"categories":[1,56,84,44],"tags":[],"class_list":["post-35580","post","type-post","status-publish","format-standard","has-post-thumbnail","hentry","category-entretenimiento","category-notas-luctuosas","category-otras-noticias","category-republica-dominicana"],"_links":{"self":[{"href":"https:\/\/2horizontes.com\/index.php?rest_route=\/wp\/v2\/posts\/35580","targetHints":{"allow":["GET"]}}],"collection":[{"href":"https:\/\/2horizontes.com\/index.php?rest_route=\/wp\/v2\/posts"}],"about":[{"href":"https:\/\/2horizontes.com\/index.php?rest_route=\/wp\/v2\/types\/post"}],"author":[{"embeddable":true,"href":"https:\/\/2horizontes.com\/index.php?rest_route=\/wp\/v2\/users\/8"}],"replies":[{"embeddable":true,"href":"https:\/\/2horizontes.com\/index.php?rest_route=%2Fwp%2Fv2%2Fcomments&post=35580"}],"version-history":[{"count":1,"href":"https:\/\/2horizontes.com\/index.php?rest_route=\/wp\/v2\/posts\/35580\/revisions"}],"predecessor-version":[{"id":35582,"href":"https:\/\/2horizontes.com\/index.php?rest_route=\/wp\/v2\/posts\/35580\/revisions\/35582"}],"wp:featuredmedia":[{"embeddable":true,"href":"https:\/\/2horizontes.com\/index.php?rest_route=\/wp\/v2\/media\/35581"}],"wp:attachment":[{"href":"https:\/\/2horizontes.com\/index.php?rest_route=%2Fwp%2Fv2%2Fmedia&parent=35580"}],"wp:term":[{"taxonomy":"category","embeddable":true,"href":"https:\/\/2horizontes.com\/index.php?rest_route=%2Fwp%2Fv2%2Fcategories&post=35580"},{"taxonomy":"post_tag","embeddable":true,"href":"https:\/\/2horizontes.com\/index.php?rest_route=%2Fwp%2Fv2%2Ftags&post=35580"}],"curies":[{"name":"wp","href":"https:\/\/api.w.org\/{rel}","templated":true}]}}