{"id":35571,"date":"2015-12-08T20:54:28","date_gmt":"2015-12-08T19:54:28","guid":{"rendered":"http:\/\/2horizontes.com\/?p=35571"},"modified":"2015-12-08T20:56:33","modified_gmt":"2015-12-08T19:56:33","slug":"danilo-medina-expresa-pesar-por-muerte-padre-de-fernando-villalona-rd","status":"publish","type":"post","link":"https:\/\/2horizontes.com\/?p=35571","title":{"rendered":"Danilo Medina expresa pesar por muerte padre de Fernando Villalona RD"},"content":{"rendered":"<p>RD-N SANTO DOMINGO-El presidente Danilo Medina expres\u00f3 su solidaridad por el<a href=\"http:\/\/www.elcaribe.com.do\/2015\/12\/05\/fallece-padre-fernando-villalona\" target=\"_blank\"><strong> fallecimiento de \u00c1ngel Ram\u00f3n Villalona<\/strong><\/a> Reyes, padre del popular merenguero Fernando Villalona.<\/p>\n<p>\u201cReciba, en nombre del Gobierno y en el m\u00edo propio, esta sincera expresi\u00f3n de pesar que deseamos hacer extensiva a sus hermanos Rafael Bol\u00edvar, Alberto Mart\u00edn, Yaneiry Viginia, Domingo del Rosario, \u00c1ngel Mercedes, Felipe Aramis, S\u00f3crates Omar, V\u00edctor Arcadio y Richard Odalisca Villalona \u00c9vora, as\u00ed como a los dem\u00e1s familiares afectados por esta p\u00e9rdida irreparable\u201d, dice una nota de la Presidencia.<\/p>\n<p>Danilo Medina pidi\u00f3\u00a0 a Dios que derrame bendiciones sobre toda la familia, para mitigar el dolor que les embarga.<\/p>\n<p>\u201cQue el alma de don Cabito descanse en la presencia del Alt\u00edsimo\u201d<\/p>\n","protected":false},"excerpt":{"rendered":"<p>RD-N SANTO DOMINGO-El presidente Danilo Medina expres\u00f3 su solidaridad por el fallecimiento de \u00c1ngel Ram\u00f3n Villalona Reyes, padre del popular merenguero Fernando Villalona. \u201cReciba, en nombre del Gobierno y en el m\u00edo propio, esta sincera expresi\u00f3n de pesar que deseamos hacer extensiva a sus hermanos Rafael Bol\u00edvar, Alberto Mart\u00edn, Yaneiry Viginia, Domingo del Rosario, \u00c1ngel [&hellip;]<\/p>\n","protected":false},"author":8,"featured_media":35573,"comment_status":"open","ping_status":"open","sticky":false,"template":"","format":"standard","meta":{"footnotes":""},"categories":[1,43,53,44],"tags":[],"class_list":["post-35571","post","type-post","status-publish","format-standard","has-post-thumbnail","hentry","category-entretenimiento","category-politica","category-provincias","category-republica-dominicana"],"_links":{"self":[{"href":"https:\/\/2horizontes.com\/index.php?rest_route=\/wp\/v2\/posts\/35571","targetHints":{"allow":["GET"]}}],"collection":[{"href":"https:\/\/2horizontes.com\/index.php?rest_route=\/wp\/v2\/posts"}],"about":[{"href":"https:\/\/2horizontes.com\/index.php?rest_route=\/wp\/v2\/types\/post"}],"author":[{"embeddable":true,"href":"https:\/\/2horizontes.com\/index.php?rest_route=\/wp\/v2\/users\/8"}],"replies":[{"embeddable":true,"href":"https:\/\/2horizontes.com\/index.php?rest_route=%2Fwp%2Fv2%2Fcomments&post=35571"}],"version-history":[{"count":1,"href":"https:\/\/2horizontes.com\/index.php?rest_route=\/wp\/v2\/posts\/35571\/revisions"}],"predecessor-version":[{"id":35572,"href":"https:\/\/2horizontes.com\/index.php?rest_route=\/wp\/v2\/posts\/35571\/revisions\/35572"}],"wp:featuredmedia":[{"embeddable":true,"href":"https:\/\/2horizontes.com\/index.php?rest_route=\/wp\/v2\/media\/35573"}],"wp:attachment":[{"href":"https:\/\/2horizontes.com\/index.php?rest_route=%2Fwp%2Fv2%2Fmedia&parent=35571"}],"wp:term":[{"taxonomy":"category","embeddable":true,"href":"https:\/\/2horizontes.com\/index.php?rest_route=%2Fwp%2Fv2%2Fcategories&post=35571"},{"taxonomy":"post_tag","embeddable":true,"href":"https:\/\/2horizontes.com\/index.php?rest_route=%2Fwp%2Fv2%2Ftags&post=35571"}],"curies":[{"name":"wp","href":"https:\/\/api.w.org\/{rel}","templated":true}]}}