{"id":35508,"date":"2015-12-08T16:13:52","date_gmt":"2015-12-08T15:13:52","guid":{"rendered":"http:\/\/2horizontes.com\/?p=35508"},"modified":"2015-12-08T16:13:52","modified_gmt":"2015-12-08T15:13:52","slug":"matan-hombre-de-un-disparo-en-comunidad-de-santiago-rodriguez-rd","status":"publish","type":"post","link":"https:\/\/2horizontes.com\/?p=35508","title":{"rendered":"Matan hombre de un disparo en comunidad de Santiago Rodr\u00edguez RD"},"content":{"rendered":"<p><strong>RD-Villa los Alm\u00e1cigos.-<\/strong>Un hombre fue encontrado muerto con un disparo en la frente en el sector\u00a0 \u201cCallej\u00f3n\u00a0los J\u00edbaros\u201d\u00a0de ese municipio en la provincia Santiago Rodr\u00edguez.<\/p>\n<p>La v\u00edctima fue identificada como Junior Antonio Barrientos,\u00a0 de 50 a\u00f1os, residente en esa comunidad.<\/p>\n<p>El cad\u00e1ver fue llevado al centro de salud de all\u00ed, donde se diagnostic\u00f3 que muri\u00f3 por causa de herida por armas de fuego con orificio de entrada en la regi\u00f3n temporal derecha y salida a la izquierda.<\/p>\n<p>&nbsp;<\/p>\n","protected":false},"excerpt":{"rendered":"<p>RD-Villa los Alm\u00e1cigos.-Un hombre fue encontrado muerto con un disparo en la frente en el sector\u00a0 \u201cCallej\u00f3n\u00a0los J\u00edbaros\u201d\u00a0de ese municipio en la provincia Santiago Rodr\u00edguez. La v\u00edctima fue identificada como Junior Antonio Barrientos,\u00a0 de 50 a\u00f1os, residente en esa comunidad. El cad\u00e1ver fue llevado al centro de salud de all\u00ed, donde se diagnostic\u00f3 que muri\u00f3 [&hellip;]<\/p>\n","protected":false},"author":8,"featured_media":35509,"comment_status":"open","ping_status":"open","sticky":false,"template":"","format":"standard","meta":{"footnotes":""},"categories":[53,44],"tags":[],"class_list":["post-35508","post","type-post","status-publish","format-standard","has-post-thumbnail","hentry","category-provincias","category-republica-dominicana"],"_links":{"self":[{"href":"https:\/\/2horizontes.com\/index.php?rest_route=\/wp\/v2\/posts\/35508","targetHints":{"allow":["GET"]}}],"collection":[{"href":"https:\/\/2horizontes.com\/index.php?rest_route=\/wp\/v2\/posts"}],"about":[{"href":"https:\/\/2horizontes.com\/index.php?rest_route=\/wp\/v2\/types\/post"}],"author":[{"embeddable":true,"href":"https:\/\/2horizontes.com\/index.php?rest_route=\/wp\/v2\/users\/8"}],"replies":[{"embeddable":true,"href":"https:\/\/2horizontes.com\/index.php?rest_route=%2Fwp%2Fv2%2Fcomments&post=35508"}],"version-history":[{"count":1,"href":"https:\/\/2horizontes.com\/index.php?rest_route=\/wp\/v2\/posts\/35508\/revisions"}],"predecessor-version":[{"id":35510,"href":"https:\/\/2horizontes.com\/index.php?rest_route=\/wp\/v2\/posts\/35508\/revisions\/35510"}],"wp:featuredmedia":[{"embeddable":true,"href":"https:\/\/2horizontes.com\/index.php?rest_route=\/wp\/v2\/media\/35509"}],"wp:attachment":[{"href":"https:\/\/2horizontes.com\/index.php?rest_route=%2Fwp%2Fv2%2Fmedia&parent=35508"}],"wp:term":[{"taxonomy":"category","embeddable":true,"href":"https:\/\/2horizontes.com\/index.php?rest_route=%2Fwp%2Fv2%2Fcategories&post=35508"},{"taxonomy":"post_tag","embeddable":true,"href":"https:\/\/2horizontes.com\/index.php?rest_route=%2Fwp%2Fv2%2Ftags&post=35508"}],"curies":[{"name":"wp","href":"https:\/\/api.w.org\/{rel}","templated":true}]}}