{"id":35505,"date":"2015-12-08T16:08:00","date_gmt":"2015-12-08T15:08:00","guid":{"rendered":"http:\/\/2horizontes.com\/?p=35505"},"modified":"2015-12-08T16:08:00","modified_gmt":"2015-12-08T15:08:00","slug":"sepultan-los-restos-del-padre-de-fernando-villalona-rd","status":"publish","type":"post","link":"https:\/\/2horizontes.com\/?p=35505","title":{"rendered":"Sepultan los restos del padre de Fernando Villalona RD"},"content":{"rendered":"<div id=\"ArticleBody\">\n<p>RD- LOMA DE CABRERA- Los restos de \u00c1ngel Ram\u00f3n Villalona Reyes (Cabito), de 83 a\u00f1os, padre del\u00a0 carism\u00e1tico merenguero Fernando Villalona, fueron sepultados el lunes en la comunidad de La Ceiba de Loma de Cabrera.<\/p>\n<p>El arista, al ver llegar el ata\u00fad con el cad\u00e1ver de su padre, se acerc\u00f3, le dio un beso en la frente y proclam\u00f3: \u201cPadre, no sabe cu\u00e1nto lo extra\u00f1ar\u00e9\u201d.<\/p>\n<p>Los restos del padre de Villalona fueron velados en la Funeraria Blandino de Santiago y luego trasladado a la comunidad de La Ceiba, de Loma de Cabrera.<\/p>\n<p>El artista no pudo asistir a la Funeraria de Santiago donde en principios estaba expuesto el cad\u00e1ver de su padre, porque se encontraba cumpliendo\u00a0 compromisos en Santo Domingo y Puerto Plata.<\/p>\n<p>No obstante, se present\u00f3 a su entierro del Cementerio de Loma de Cabrera y lo despidi\u00f3 con un beso y unas palabras de amor.<\/p>\n<p>Algunos periodistas, preguntaron al merenguero las razones por las cuales no se present\u00f3 a la Funeraria Blandino de Santiago, donde se llevaba el sepelio, pero respondi\u00f3 pidiendo comprensi\u00f3n por el dolor que siente \u00e9l y su familia por la muerte de su padre.<\/p>\n<p>Agradeci\u00f3 a la vez la solidaridad de la clase art\u00edstica.<\/p>\n<\/div>\n<div><\/div>\n<p>&nbsp;<\/p>\n","protected":false},"excerpt":{"rendered":"<p>RD- LOMA DE CABRERA- Los restos de \u00c1ngel Ram\u00f3n Villalona Reyes (Cabito), de 83 a\u00f1os, padre del\u00a0 carism\u00e1tico merenguero Fernando Villalona, fueron sepultados el lunes en la comunidad de La Ceiba de Loma de Cabrera. El arista, al ver llegar el ata\u00fad con el cad\u00e1ver de su padre, se acerc\u00f3, le dio un beso en [&hellip;]<\/p>\n","protected":false},"author":8,"featured_media":35506,"comment_status":"open","ping_status":"open","sticky":false,"template":"","format":"standard","meta":{"footnotes":""},"categories":[56,53,44],"tags":[],"class_list":["post-35505","post","type-post","status-publish","format-standard","has-post-thumbnail","hentry","category-notas-luctuosas","category-provincias","category-republica-dominicana"],"_links":{"self":[{"href":"https:\/\/2horizontes.com\/index.php?rest_route=\/wp\/v2\/posts\/35505","targetHints":{"allow":["GET"]}}],"collection":[{"href":"https:\/\/2horizontes.com\/index.php?rest_route=\/wp\/v2\/posts"}],"about":[{"href":"https:\/\/2horizontes.com\/index.php?rest_route=\/wp\/v2\/types\/post"}],"author":[{"embeddable":true,"href":"https:\/\/2horizontes.com\/index.php?rest_route=\/wp\/v2\/users\/8"}],"replies":[{"embeddable":true,"href":"https:\/\/2horizontes.com\/index.php?rest_route=%2Fwp%2Fv2%2Fcomments&post=35505"}],"version-history":[{"count":1,"href":"https:\/\/2horizontes.com\/index.php?rest_route=\/wp\/v2\/posts\/35505\/revisions"}],"predecessor-version":[{"id":35507,"href":"https:\/\/2horizontes.com\/index.php?rest_route=\/wp\/v2\/posts\/35505\/revisions\/35507"}],"wp:featuredmedia":[{"embeddable":true,"href":"https:\/\/2horizontes.com\/index.php?rest_route=\/wp\/v2\/media\/35506"}],"wp:attachment":[{"href":"https:\/\/2horizontes.com\/index.php?rest_route=%2Fwp%2Fv2%2Fmedia&parent=35505"}],"wp:term":[{"taxonomy":"category","embeddable":true,"href":"https:\/\/2horizontes.com\/index.php?rest_route=%2Fwp%2Fv2%2Fcategories&post=35505"},{"taxonomy":"post_tag","embeddable":true,"href":"https:\/\/2horizontes.com\/index.php?rest_route=%2Fwp%2Fv2%2Ftags&post=35505"}],"curies":[{"name":"wp","href":"https:\/\/api.w.org\/{rel}","templated":true}]}}