{"id":35486,"date":"2015-12-08T15:12:37","date_gmt":"2015-12-08T14:12:37","guid":{"rendered":"http:\/\/2horizontes.com\/?p=35486"},"modified":"2015-12-08T15:12:37","modified_gmt":"2015-12-08T14:12:37","slug":"muere-otra-nina-con-sintomas-de-dengue-en-la-vega-rd","status":"publish","type":"post","link":"https:\/\/2horizontes.com\/?p=35486","title":{"rendered":"Muere otra ni\u00f1a con s\u00edntomas de dengue en La Vega RD"},"content":{"rendered":"<div id=\"ArticleBody\">\n<p>RD- LA VEGA-Una menor de dos a\u00f1os de edad muri\u00f3 al ser ingresada en el Hospital Luis Morillo King de La Vega con s\u00edntomas sospechosas de dengue.<\/p>\n<p>La v\u00edctima es la infante Yansile Darieli Coronado Reyes.<\/p>\n<p>Su madre, Yamilet del Carmen Reyes, residente en el barrio Lindo del residencial Don Fausto de La Vega, comunic\u00f3 que una enfermera y un m\u00e9dico le informaron que su hija muri\u00f3 a causa de dengue.<\/p>\n<p>La mujer declar\u00f3 que la ni\u00f1a fue ingresada en el referido centro de salud el mi\u00e9rcoles pasado y que el s\u00e1bado le fue entregada, \u201cluego la ingresaron con los mismos s\u00edntomas otra vez y falleci\u00f3\u201d.<\/p>\n<p>El cad\u00e1ver fue enviado al Instituto Regional Norte de Patolog\u00eda de Ciencias Forenses de Santiago para los fines correspondientes.<\/p>\n<p>Las autoridades del Ministerio de Salud P\u00fablica dijeron que investigan la muerte de la menor.<\/p>\n<\/div>\n<div><\/div>\n<p>&nbsp;<\/p>\n","protected":false},"excerpt":{"rendered":"<p>RD- LA VEGA-Una menor de dos a\u00f1os de edad muri\u00f3 al ser ingresada en el Hospital Luis Morillo King de La Vega con s\u00edntomas sospechosas de dengue. La v\u00edctima es la infante Yansile Darieli Coronado Reyes. Su madre, Yamilet del Carmen Reyes, residente en el barrio Lindo del residencial Don Fausto de La Vega, comunic\u00f3 [&hellip;]<\/p>\n","protected":false},"author":8,"featured_media":35487,"comment_status":"open","ping_status":"open","sticky":false,"template":"","format":"standard","meta":{"footnotes":""},"categories":[53,44],"tags":[],"class_list":["post-35486","post","type-post","status-publish","format-standard","has-post-thumbnail","hentry","category-provincias","category-republica-dominicana"],"_links":{"self":[{"href":"https:\/\/2horizontes.com\/index.php?rest_route=\/wp\/v2\/posts\/35486","targetHints":{"allow":["GET"]}}],"collection":[{"href":"https:\/\/2horizontes.com\/index.php?rest_route=\/wp\/v2\/posts"}],"about":[{"href":"https:\/\/2horizontes.com\/index.php?rest_route=\/wp\/v2\/types\/post"}],"author":[{"embeddable":true,"href":"https:\/\/2horizontes.com\/index.php?rest_route=\/wp\/v2\/users\/8"}],"replies":[{"embeddable":true,"href":"https:\/\/2horizontes.com\/index.php?rest_route=%2Fwp%2Fv2%2Fcomments&post=35486"}],"version-history":[{"count":1,"href":"https:\/\/2horizontes.com\/index.php?rest_route=\/wp\/v2\/posts\/35486\/revisions"}],"predecessor-version":[{"id":35488,"href":"https:\/\/2horizontes.com\/index.php?rest_route=\/wp\/v2\/posts\/35486\/revisions\/35488"}],"wp:featuredmedia":[{"embeddable":true,"href":"https:\/\/2horizontes.com\/index.php?rest_route=\/wp\/v2\/media\/35487"}],"wp:attachment":[{"href":"https:\/\/2horizontes.com\/index.php?rest_route=%2Fwp%2Fv2%2Fmedia&parent=35486"}],"wp:term":[{"taxonomy":"category","embeddable":true,"href":"https:\/\/2horizontes.com\/index.php?rest_route=%2Fwp%2Fv2%2Fcategories&post=35486"},{"taxonomy":"post_tag","embeddable":true,"href":"https:\/\/2horizontes.com\/index.php?rest_route=%2Fwp%2Fv2%2Ftags&post=35486"}],"curies":[{"name":"wp","href":"https:\/\/api.w.org\/{rel}","templated":true}]}}