{"id":35465,"date":"2015-12-08T12:10:01","date_gmt":"2015-12-08T11:10:01","guid":{"rendered":"http:\/\/2horizontes.com\/?p=35465"},"modified":"2015-12-08T12:10:01","modified_gmt":"2015-12-08T11:10:01","slug":"sergio-ramos-regresara-ante-el-villarreal","status":"publish","type":"post","link":"https:\/\/2horizontes.com\/?p=35465","title":{"rendered":"Sergio Ramos regresar\u00e1 ante el Villarreal"},"content":{"rendered":"<p>Sergio Ramos, capit\u00e1n del Real Madrid, volver\u00e1 a los terrenos de juego ante el Villarreal en la pr\u00f3xima jornada de Liga, como desvel\u00f3 su t\u00e9cnico Rafa Ben\u00edtez, que le descart\u00f3 para el encuentro de Liga de Campeones ante el Malmoe despu\u00e9s de que se reincorporase a los entrenamientos de grupo este lunes.<\/p>\n<p>Est\u00e1 mejorando pero no estar\u00e1 en la convocatoria para ma\u00f1ana\u00bb, desvel\u00f3 Ben\u00edtez en su primera respuesta sobre Sergio Ramos, novedad en el entrenamiento en la Ciudad Real Madrid en la v\u00edspera del encuentro europeo ante el Malmoe.<\/p>\n<p>LESI\u00d3N EN EL HOMBRO<\/p>\n<p>Ramos, condicionado en su temporada por una lesi\u00f3n en su hombro izquierdo, tuvo que parar para recuperarse definitivamente tras la disputa del Cl\u00e1sico del f\u00fatbol espa\u00f1ol ante el Barcelona el pasado 21 de noviembre. Ben\u00edtez se mostr\u00f3 confiado en poder reforzar su defensa con el capit\u00e1n blanco el pr\u00f3ximo domingo en la visita al Madrigal.<\/p>\n<p>Por supuesto que no lo descarto para el Madrigal. Va mejorando, hoy ha entrenado con el equipo en el campo y creo que si no pasa ninguna cosa rara va a llegar al partido del Villarreal\u00bb, manifest\u00f3.<\/p>\n","protected":false},"excerpt":{"rendered":"<p>Sergio Ramos, capit\u00e1n del Real Madrid, volver\u00e1 a los terrenos de juego ante el Villarreal en la pr\u00f3xima jornada de Liga, como desvel\u00f3 su t\u00e9cnico Rafa Ben\u00edtez, que le descart\u00f3 para el encuentro de Liga de Campeones ante el Malmoe despu\u00e9s de que se reincorporase a los entrenamientos de grupo este lunes. Est\u00e1 mejorando pero [&hellip;]<\/p>\n","protected":false},"author":3,"featured_media":35466,"comment_status":"open","ping_status":"open","sticky":false,"template":"","format":"standard","meta":{"footnotes":""},"categories":[42],"tags":[],"class_list":["post-35465","post","type-post","status-publish","format-standard","has-post-thumbnail","hentry","category-deportes"],"_links":{"self":[{"href":"https:\/\/2horizontes.com\/index.php?rest_route=\/wp\/v2\/posts\/35465","targetHints":{"allow":["GET"]}}],"collection":[{"href":"https:\/\/2horizontes.com\/index.php?rest_route=\/wp\/v2\/posts"}],"about":[{"href":"https:\/\/2horizontes.com\/index.php?rest_route=\/wp\/v2\/types\/post"}],"author":[{"embeddable":true,"href":"https:\/\/2horizontes.com\/index.php?rest_route=\/wp\/v2\/users\/3"}],"replies":[{"embeddable":true,"href":"https:\/\/2horizontes.com\/index.php?rest_route=%2Fwp%2Fv2%2Fcomments&post=35465"}],"version-history":[{"count":1,"href":"https:\/\/2horizontes.com\/index.php?rest_route=\/wp\/v2\/posts\/35465\/revisions"}],"predecessor-version":[{"id":35467,"href":"https:\/\/2horizontes.com\/index.php?rest_route=\/wp\/v2\/posts\/35465\/revisions\/35467"}],"wp:featuredmedia":[{"embeddable":true,"href":"https:\/\/2horizontes.com\/index.php?rest_route=\/wp\/v2\/media\/35466"}],"wp:attachment":[{"href":"https:\/\/2horizontes.com\/index.php?rest_route=%2Fwp%2Fv2%2Fmedia&parent=35465"}],"wp:term":[{"taxonomy":"category","embeddable":true,"href":"https:\/\/2horizontes.com\/index.php?rest_route=%2Fwp%2Fv2%2Fcategories&post=35465"},{"taxonomy":"post_tag","embeddable":true,"href":"https:\/\/2horizontes.com\/index.php?rest_route=%2Fwp%2Fv2%2Ftags&post=35465"}],"curies":[{"name":"wp","href":"https:\/\/api.w.org\/{rel}","templated":true}]}}