{"id":35260,"date":"2015-12-06T13:45:24","date_gmt":"2015-12-06T12:45:24","guid":{"rendered":"http:\/\/2horizontes.com\/?p=35260"},"modified":"2015-12-06T13:45:24","modified_gmt":"2015-12-06T12:45:24","slug":"periodico-noruego-se-disculpa-por-publicar-obituario-de-santa-claus","status":"publish","type":"post","link":"https:\/\/2horizontes.com\/?p=35260","title":{"rendered":"Peri\u00f3dico noruego se disculpa por publicar obituario de Santa Claus"},"content":{"rendered":"<p class=\"story-body__introduction\">Un peri\u00f3dico noruego se disculp\u00f3 con sus lectores despu\u00e9s de que publicara un obituario de Santa Claus.<\/p>\n<p>El anuncio ficticio dec\u00eda: \u00abQuerido Santa Claus naci\u00f3 el 12 de diciembre de 1788\u00bb y muri\u00f3 el 3 de diciembre en Nordkapp, el punto m\u00e1s septentrional de Noruega.<\/p>\n<p><strong>El obituario se\u00f1alaba que el funeral se celebrar\u00eda el 28 de diciembre en la<\/strong>\u00abCapilla del Polo Norte\u00bb.<\/p>\n<p>El segundo peri\u00f3dico m\u00e1s vendido de Noruega culpa del error a procedimientos internos.<\/p>\n<figure class=\"media-landscape has-caption full-width\"><span class=\"image-and-copyright-container\"><img loading=\"lazy\" decoding=\"async\" class=\"responsive-image__img js-image-replace alignleft\" src=\"http:\/\/ichef-1.bbci.co.uk\/news\/ws\/624\/amz\/worldservice\/live\/assets\/images\/2015\/12\/06\/151206110307_norway_newspaper_publishes_father_christmas_obituary_624x351_aftenposten_nocredit.jpg\" alt=\"Anuncio de Aftenposten \" width=\"624\" height=\"351\" \/>Aftenposten inform\u00f3 que elimin\u00f3 el anuncio tras darse cuenta del error.<\/span><\/figure>\n<p>\u00abAftenposten tiene estrictas directrices tanto para el contenido como para el uso de s\u00edmbolos en nuestros obituarios. Este anuncio es una violaci\u00f3n de los mismos y nunca debi\u00f3 haber sido publicado\u00bb, se\u00f1al\u00f3 en un comunicado (en noruego) el peri\u00f3dico.<\/p>\n<p>\u00ab<strong>Investigaremos que es lo que ha sucedido<\/strong>\u00ab, a\u00f1adi\u00f3 el medio de comunicaci\u00f3n.<\/p>\n<p>Aftenposten inform\u00f3 que elimin\u00f3 el anuncio clasificado de su sitio web despu\u00e9s de que se diera cuenta del error.<\/p>\n","protected":false},"excerpt":{"rendered":"<p>Un peri\u00f3dico noruego se disculp\u00f3 con sus lectores despu\u00e9s de que publicara un obituario de Santa Claus. El anuncio ficticio dec\u00eda: \u00abQuerido Santa Claus naci\u00f3 el 12 de diciembre de 1788\u00bb y muri\u00f3 el 3 de diciembre en Nordkapp, el punto m\u00e1s septentrional de Noruega. El obituario se\u00f1alaba que el funeral se celebrar\u00eda el 28 [&hellip;]<\/p>\n","protected":false},"author":4,"featured_media":35261,"comment_status":"open","ping_status":"open","sticky":false,"template":"","format":"standard","meta":{"footnotes":""},"categories":[62,40,84],"tags":[],"class_list":["post-35260","post","type-post","status-publish","format-standard","has-post-thumbnail","hentry","category-cultura","category-internacionales","category-otras-noticias"],"_links":{"self":[{"href":"https:\/\/2horizontes.com\/index.php?rest_route=\/wp\/v2\/posts\/35260","targetHints":{"allow":["GET"]}}],"collection":[{"href":"https:\/\/2horizontes.com\/index.php?rest_route=\/wp\/v2\/posts"}],"about":[{"href":"https:\/\/2horizontes.com\/index.php?rest_route=\/wp\/v2\/types\/post"}],"author":[{"embeddable":true,"href":"https:\/\/2horizontes.com\/index.php?rest_route=\/wp\/v2\/users\/4"}],"replies":[{"embeddable":true,"href":"https:\/\/2horizontes.com\/index.php?rest_route=%2Fwp%2Fv2%2Fcomments&post=35260"}],"version-history":[{"count":1,"href":"https:\/\/2horizontes.com\/index.php?rest_route=\/wp\/v2\/posts\/35260\/revisions"}],"predecessor-version":[{"id":35262,"href":"https:\/\/2horizontes.com\/index.php?rest_route=\/wp\/v2\/posts\/35260\/revisions\/35262"}],"wp:featuredmedia":[{"embeddable":true,"href":"https:\/\/2horizontes.com\/index.php?rest_route=\/wp\/v2\/media\/35261"}],"wp:attachment":[{"href":"https:\/\/2horizontes.com\/index.php?rest_route=%2Fwp%2Fv2%2Fmedia&parent=35260"}],"wp:term":[{"taxonomy":"category","embeddable":true,"href":"https:\/\/2horizontes.com\/index.php?rest_route=%2Fwp%2Fv2%2Fcategories&post=35260"},{"taxonomy":"post_tag","embeddable":true,"href":"https:\/\/2horizontes.com\/index.php?rest_route=%2Fwp%2Fv2%2Ftags&post=35260"}],"curies":[{"name":"wp","href":"https:\/\/api.w.org\/{rel}","templated":true}]}}