{"id":3520,"date":"2015-03-11T11:45:39","date_gmt":"2015-03-11T11:45:39","guid":{"rendered":"http:\/\/2horizontes.com\/?p=3520"},"modified":"2015-03-11T11:45:39","modified_gmt":"2015-03-11T11:45:39","slug":"el-canciller-anuncia-rd-reabrira-consulados-haiti-proxima-semana","status":"publish","type":"post","link":"https:\/\/2horizontes.com\/?p=3520","title":{"rendered":"El Canciller anuncia RD reabrir\u00e1 consulados Hait\u00ed pr\u00f3xima semana"},"content":{"rendered":"<p><a href=\"http:\/\/2horizontes.com\/wp-content\/uploads\/2015\/03\/aa.jpg\"><img loading=\"lazy\" decoding=\"async\" src=\"http:\/\/2horizontes.com\/wp-content\/uploads\/2015\/03\/aa-300x199.jpg\" alt=\"aa\" width=\"300\" height=\"199\" class=\"alignleft size-medium wp-image-3521\" srcset=\"https:\/\/2horizontes.com\/wp-content\/uploads\/2015\/03\/aa-300x199.jpg 300w, https:\/\/2horizontes.com\/wp-content\/uploads\/2015\/03\/aa-510x339.jpg 510w, https:\/\/2horizontes.com\/wp-content\/uploads\/2015\/03\/aa.jpg 580w\" sizes=\"auto, (max-width: 300px) 100vw, 300px\" \/><\/a><\/p>\n<p>Santo Domingo, 10 mar (EFE).- El ministro de Relaciones Exteriores, Andr\u00e9s Navarro, inform\u00f3 hoy que el Gobierno dispondr\u00e1 la pr\u00f3xima semana la reapertura de los cinco consulados dominicanos acreditados en Hait\u00ed, tras recibir las garant\u00edas de seguridad del personal por parte del Gobierno del presidente de Hait\u00ed, Michel Martelly, adem\u00e1s de que se retomar\u00e1 el di\u00e1logo y las labores de la Comisi\u00f3n Mixta Bilateral que trabaja la agenda de desarrollo de los dos pueblos.<\/p>\n<p>Navarro hizo la afirmaci\u00f3n tras sostener una reuni\u00f3n bilateral con su hom\u00f3logo haitiano, Pierre Duly Brutus, quien le inform\u00f3 que el presidente Martelly garantizar\u00e1 la integridad f\u00edsica del personal y la seguridad de los locales donde funcionan las legaciones dominicanas en Hait\u00ed, con un reforzamiento policial y de los soldados de la Minustah.<\/p>\n<p>La reuni\u00f3n bilateral entre los cancilleres, Navarro y Brutus, se produjo en Guatemala, en el marco de la XX Reuni\u00f3n Ordinaria del Consejo de Ministros de la Asociaci\u00f3n de Estados del Caribe (AEC), encuentro en el que conversaron ampliamente sobre las tensiones que originaron grupos haitianos alrededor de las misiones diplom\u00e1ticas dominicanas, lo que provoc\u00f3 que el gobierno del presidente Danilo Medina decidiera cerrar temporalmente los cinco consulados hasta tanto se garantizara la seguridad.<\/p>\n<p>El funcionario dominicano manifest\u00f3, en nota de prensa enviada por la Canciller\u00eda, que se trat\u00f3 de una reuni\u00f3n bilateral en la que se abordaron diferentes temas vinculados a las \u201carmoniosas relaciones\u201d que ambos pa\u00edses est\u00e1n en la disposici\u00f3n de seguir encaminando en favor de sus respectivos pueblos, marcado por el di\u00e1logo, comprensi\u00f3n y respeto mutuo.<\/p>\n<p>\u201cEl canciller Brutus nos ha comunicado que el gobierno del presidente Martelly brindar\u00e1 toda la debida protecci\u00f3n a nuestras misiones diplom\u00e1ticas y la integridad f\u00edsica del personal que all\u00ed se desempe\u00f1a en los cinco consulados cerrados temporalmente, por lo que esperamos disponer la reapertura de los mismos la pr\u00f3xima semana, declar\u00f3 Navarro al t\u00e9rmino de su reuni\u00f3n con Brutus.<\/p>\n<p>Navarro declar\u00f3 que el gobierno del presidente Medina saluda las medidas dispuestas por su hom\u00f3logo alrededor de las misiones diplom\u00e1ticas dominicanas acreditadas en Hait\u00ed, al tiempo que reitera su voluntad de seguir profundizando el di\u00e1logo abierto, franco y respetuoso entre las autoridades de las dos naciones, \u201cconvencido de que es la v\u00eda m\u00e1s id\u00f3nea y sana para que nuestros pueblos alcancen desarrollo en un clima de paz y total armon\u00eda\u201d.<\/p>\n<p>Subray\u00f3 que ambos pa\u00edses vecinos tienen objetivos comunes de desarrollo a trav\u00e9s del trabajo armonioso y permanente de la Comisi\u00f3n Mixta Bilateral como mecanismo m\u00e1s id\u00f3neo para la consecuci\u00f3n de metas de inter\u00e9s com\u00fan, incluyendo migratorio y comercial, \u201cy qu\u00e9 bueno que en los dos gobiernos amigos exista la voluntad pol\u00edtica de encauzar por ese camino de di\u00e1logo, armon\u00eda, respeto y comprensi\u00f3n para beneficio de los dos pueblos vecinos\u201d.<\/p>\n<p>El canciller agreg\u00f3, que la reuni\u00f3n bilateral con Brutus permiti\u00f3 aclarar algunas situaciones que se sucedieron en Hait\u00ed contra legaciones diplom\u00e1ticas dominicanas en ese pa\u00eds en el pasado reciente, generando preocupaci\u00f3n en ambos pueblos vecinos.<\/p>\n<p>Dijo que acord\u00f3 con Brutus una serie de acciones que reforzar\u00e1n las relaciones armoniosas entre los dos pa\u00edses, \u201cpues es importante que se sepa que entre Hait\u00ed y la Rep\u00fablica ha funcionado una comisi\u00f3n mixta bilateral que en los pr\u00f3ximos d\u00edas retomar\u00e1 su labor de desarrollo de una serie de proyectos con la participaci\u00f3n de los dos gobiernos y los sectores empresariales de las dos naciones\u201d.<\/p>\n<p>Navarro afirm\u00f3, tras la reuni\u00f3n, que \u201cla diplomacia ha funcionado\u201d, y que se acord\u00f3 una serie de encuentros para tratar otros temas como la seguridad, gesti\u00f3n fronteriza, migratorio, comercial e inversi\u00f3n, \u201cdado que Brutus y nosotros estamos conscientes que el desarrollo de los dos pueblos depender\u00e1 en gran medida de que podamos tener unas relaciones s\u00f3lidas, un mejor acercamiento y convivencia pac\u00edfica\u201d.<\/p>\n<p>Revel\u00f3 que volver\u00e1 a reunirse con Brutus el pr\u00f3ximo viernes en la comunidad fronteriza de Jiman\u00ed para coordinar el dispositivo de seguridad alrededor de las dotaciones diplom\u00e1ticas dominicanas en Hait\u00ed, encuentro al que ha sido invitada la jefe de la Misi\u00f3n de Estabilizaci\u00f3n de las Naciones Unidas en Hait\u00ed (Minustah), Sandra Honor\u00e9.<\/p>\n<p>Por su lado, Brutus agradeci\u00f3 a Navarro la disposici\u00f3n del Gobierno dominicano de mantener un di\u00e1logo permanente y armonioso, \u201ctal como ha ocurrido en esta reuni\u00f3n tan positiva que nos ha permitido conversar amigablemente sobre algunas contradicciones, adem\u00e1s de tomar las medidas que lleven tranquilidad a ambos pueblos\u201d.EFE<\/p>\n","protected":false},"excerpt":{"rendered":"<p>Santo Domingo, 10 mar (EFE).- El ministro de Relaciones Exteriores, Andr\u00e9s Navarro, inform\u00f3 hoy que el Gobierno dispondr\u00e1 la pr\u00f3xima semana la reapertura de los cinco consulados dominicanos acreditados en Hait\u00ed, tras recibir las garant\u00edas de seguridad del personal por parte del Gobierno del presidente de Hait\u00ed, Michel Martelly, adem\u00e1s de que se retomar\u00e1 el [&hellip;]<\/p>\n","protected":false},"author":1,"featured_media":0,"comment_status":"open","ping_status":"open","sticky":false,"template":"","format":"standard","meta":{"footnotes":""},"categories":[1],"tags":[],"class_list":["post-3520","post","type-post","status-publish","format-standard","hentry","category-entretenimiento"],"_links":{"self":[{"href":"https:\/\/2horizontes.com\/index.php?rest_route=\/wp\/v2\/posts\/3520","targetHints":{"allow":["GET"]}}],"collection":[{"href":"https:\/\/2horizontes.com\/index.php?rest_route=\/wp\/v2\/posts"}],"about":[{"href":"https:\/\/2horizontes.com\/index.php?rest_route=\/wp\/v2\/types\/post"}],"author":[{"embeddable":true,"href":"https:\/\/2horizontes.com\/index.php?rest_route=\/wp\/v2\/users\/1"}],"replies":[{"embeddable":true,"href":"https:\/\/2horizontes.com\/index.php?rest_route=%2Fwp%2Fv2%2Fcomments&post=3520"}],"version-history":[{"count":1,"href":"https:\/\/2horizontes.com\/index.php?rest_route=\/wp\/v2\/posts\/3520\/revisions"}],"predecessor-version":[{"id":3522,"href":"https:\/\/2horizontes.com\/index.php?rest_route=\/wp\/v2\/posts\/3520\/revisions\/3522"}],"wp:attachment":[{"href":"https:\/\/2horizontes.com\/index.php?rest_route=%2Fwp%2Fv2%2Fmedia&parent=3520"}],"wp:term":[{"taxonomy":"category","embeddable":true,"href":"https:\/\/2horizontes.com\/index.php?rest_route=%2Fwp%2Fv2%2Fcategories&post=3520"},{"taxonomy":"post_tag","embeddable":true,"href":"https:\/\/2horizontes.com\/index.php?rest_route=%2Fwp%2Fv2%2Ftags&post=3520"}],"curies":[{"name":"wp","href":"https:\/\/api.w.org\/{rel}","templated":true}]}}