{"id":35172,"date":"2015-12-04T17:38:26","date_gmt":"2015-12-04T16:38:26","guid":{"rendered":"http:\/\/2horizontes.com\/?p=35172"},"modified":"2015-12-04T17:38:26","modified_gmt":"2015-12-04T16:38:26","slug":"gobierno-inicia-este-viernes-pago-sueldo-trece-a-servidores-publicos-rd","status":"publish","type":"post","link":"https:\/\/2horizontes.com\/?p=35172","title":{"rendered":"Gobierno inicia este viernes pago \u201csueldo trece\u201d a servidores p\u00fablicos RD"},"content":{"rendered":"<p>RD-SANTO DOMINGO.- El Gobierno inicia este viernes la entrega de RD$11 mil millones por concepto de pago de la regal\u00eda pascual a los servidores p\u00fablicos.<\/p>\n<p>La entrega se hace cumpliendo una disposici\u00f3n del presidente Danilo Medina, de que el salario 13 fuera entregado entre el 4 y 11 de este mes, seg\u00fan el tesorero nacional, Alberto Perdomo Pi\u00f1a.<\/p>\n<p>Los recursos que se desembolsar\u00e1n desde hoy no incluyen los que pagar\u00e1n entidades aut\u00f3nomas del Estado, ayuntamientos y juntas municipales, las cuales gestionan pr\u00e9stamos para cumplir con ese requisito.<\/p>\n<p>Los primeros en recibir el sueldo 13 ser\u00e1n los pensionados civiles y militares, los miembros del Ministerio de Defensa, Ej\u00e9rcito, Fuerza A\u00e9rea, la Armada y de la Polic\u00eda. Luego continuar\u00e1n los m\u00e1s de 600 mil servidores p\u00fablicos<\/p>\n<p>Esta programaci\u00f3n fue coordinada con el Banco de Reservas para minimizar el congestionamiento en sucursales y cajeros autom\u00e1ticos.<\/p>\n","protected":false},"excerpt":{"rendered":"<p>RD-SANTO DOMINGO.- El Gobierno inicia este viernes la entrega de RD$11 mil millones por concepto de pago de la regal\u00eda pascual a los servidores p\u00fablicos. La entrega se hace cumpliendo una disposici\u00f3n del presidente Danilo Medina, de que el salario 13 fuera entregado entre el 4 y 11 de este mes, seg\u00fan el tesorero nacional, [&hellip;]<\/p>\n","protected":false},"author":8,"featured_media":35173,"comment_status":"open","ping_status":"open","sticky":false,"template":"","format":"standard","meta":{"footnotes":""},"categories":[63,43,44],"tags":[],"class_list":["post-35172","post","type-post","status-publish","format-standard","has-post-thumbnail","hentry","category-economia","category-politica","category-republica-dominicana"],"_links":{"self":[{"href":"https:\/\/2horizontes.com\/index.php?rest_route=\/wp\/v2\/posts\/35172","targetHints":{"allow":["GET"]}}],"collection":[{"href":"https:\/\/2horizontes.com\/index.php?rest_route=\/wp\/v2\/posts"}],"about":[{"href":"https:\/\/2horizontes.com\/index.php?rest_route=\/wp\/v2\/types\/post"}],"author":[{"embeddable":true,"href":"https:\/\/2horizontes.com\/index.php?rest_route=\/wp\/v2\/users\/8"}],"replies":[{"embeddable":true,"href":"https:\/\/2horizontes.com\/index.php?rest_route=%2Fwp%2Fv2%2Fcomments&post=35172"}],"version-history":[{"count":1,"href":"https:\/\/2horizontes.com\/index.php?rest_route=\/wp\/v2\/posts\/35172\/revisions"}],"predecessor-version":[{"id":35174,"href":"https:\/\/2horizontes.com\/index.php?rest_route=\/wp\/v2\/posts\/35172\/revisions\/35174"}],"wp:featuredmedia":[{"embeddable":true,"href":"https:\/\/2horizontes.com\/index.php?rest_route=\/wp\/v2\/media\/35173"}],"wp:attachment":[{"href":"https:\/\/2horizontes.com\/index.php?rest_route=%2Fwp%2Fv2%2Fmedia&parent=35172"}],"wp:term":[{"taxonomy":"category","embeddable":true,"href":"https:\/\/2horizontes.com\/index.php?rest_route=%2Fwp%2Fv2%2Fcategories&post=35172"},{"taxonomy":"post_tag","embeddable":true,"href":"https:\/\/2horizontes.com\/index.php?rest_route=%2Fwp%2Fv2%2Ftags&post=35172"}],"curies":[{"name":"wp","href":"https:\/\/api.w.org\/{rel}","templated":true}]}}