{"id":35093,"date":"2015-12-04T09:31:45","date_gmt":"2015-12-04T08:31:45","guid":{"rendered":"http:\/\/2horizontes.com\/?p=35093"},"modified":"2015-12-04T09:31:45","modified_gmt":"2015-12-04T08:31:45","slug":"ops-y-oms-agradecen-contribucion-de-cuba-a-la-salud-mundial","status":"publish","type":"post","link":"https:\/\/2horizontes.com\/?p=35093","title":{"rendered":"OPS y OMS agradecen contribuci\u00f3n de Cuba a la salud mundial"},"content":{"rendered":"<p>La directora regional de las Organizaciones Panamericana y Mundial de la Salud(OPS\/OMS), doctora Carissa Etienne, envi\u00f3 un mensaje de felicitaci\u00f3n por medio de un video a Cuba, por su contribuci\u00f3n a la salud en diversos pueblos.<\/p>\n<p>En el acto de reconocimiento de la representaci\u00f3n de OPS\/OMS en la naci\u00f3n antillana, a la colaboraci\u00f3n m\u00e9dica cubana en ocasi\u00f3n de celebrarse el D\u00eda de la Medicina Latinoamericana, Etienne <strong>ponder\u00f3 los resultados del internacionalismo en el sector que data desde 1960 cuando parti\u00f3 la primera brigada a Chile<\/strong>, <strong>luego de un terremoto<\/strong>.<\/p>\n<p>Ante Roberto Morales Ojeda, miembro del Comit\u00e9 Central del Partido y titular del Ministerio de Salud P\u00fablica (MINSAP), la representante de ese organismo internacional de las Naciones Unidas hizo un recuento de esas acciones solidarias que <strong>en los 55 a\u00f1os han estado en m\u00e1s de 150 pa\u00edses.<\/strong><\/p>\n<p>Asimismo signific\u00f3 los resultados del Programa Integral de Salud, la creaci\u00f3n de la Escuela Latinoamericana de Medicina (ELAM), fundada por el L\u00edder de la Revoluci\u00f3n cubana Fidel Castro y donde se han graduado miles de m\u00e9dicos de un centenar de naciones.<\/p>\n<p>Reiter\u00f3 las congratulaciones por el aporte de la brigada m\u00e9dica cubana en tres pa\u00edses de \u00c1frica occidental, donde libraron una gran batalla en la lucha contra el virus del \u00e9bola a cambio de sus propias vidas.<\/p>\n<p>Cristi\u00e1n Morales, representante en Cuba de OPS\/OMS, encomi\u00f3 la inestimable contribuci\u00f3n de la naci\u00f3n caribe\u00f1a a la salud tambi\u00e9n de todos los cubanos, avalada por los logros que sit\u00faan a este pa\u00eds entre los m\u00e1s avanzados del mundo en t\u00e9rminos de indicadores sanitarios, remarc\u00f3.<\/p>\n<p>Brindar servicios m\u00e9dicos con calidez y calidad a todos sin discriminaci\u00f3n alguna, sin esperar otra retribuci\u00f3n que la satisfacci\u00f3n del deber cumplido, es lo que caracteriza a las brigadas m\u00e9dicas cubanas que han estado presentes en diversos Estados, entre ellos afectados por terremotos, desastres naturales y enfermedades, acot\u00f3.<\/p>\n<p>Morales otorg\u00f3 reconocimientos a la ELAM, la Unidad Central de Cooperaci\u00f3n M\u00e9dica, el MINSAP y a Jos\u00e9 Ram\u00f3n Machado Ventura, Segundo Secretario del Comit\u00e9 Central del Partido, este \u00faltimo entregado al ministro de salud para que se lo haga llegar al vicepresidente de los Consejos de Estado y de Ministros.<\/p>\n<p>Tambi\u00e9n entreg\u00f3 a un grupo de personalidades destacadas en la cooperaci\u00f3n en representaci\u00f3n de los miles de hombres y mujeres que han desarrollado y contin\u00faan la noble labor en pos de la salud universal y la solidaridad internacional.<\/p>\n<p>Marcia Cobas, vicetitular del MINSAP, resalt\u00f3 que suman m\u00e1s de 300 mil trabajadores de la salud que han brindado su aporte en unos 158 pa\u00edses y hoy Cuba est\u00e1 presente en 67 naciones con m\u00e1s de 50 mil compatriotas.<\/p>\n<p>&nbsp;<\/p>\n<p><img loading=\"lazy\" decoding=\"async\" class=\"size-full wp-image-668411\" src=\"http:\/\/www.cubadebate.cu\/wp-content\/uploads\/2015\/12\/M%C3%A9dicos-cubanos.jpg\" alt=\"Foto: Tomada de www.giron.cu\" width=\"580\" height=\"330\" \/><\/p>\n<p class=\"wp-caption-text\">F . Cubadebate.<\/p>\n","protected":false},"excerpt":{"rendered":"<p>La directora regional de las Organizaciones Panamericana y Mundial de la Salud(OPS\/OMS), doctora Carissa Etienne, envi\u00f3 un mensaje de felicitaci\u00f3n por medio de un video a Cuba, por su contribuci\u00f3n a la salud en diversos pueblos. En el acto de reconocimiento de la representaci\u00f3n de OPS\/OMS en la naci\u00f3n antillana, a la colaboraci\u00f3n m\u00e9dica cubana [&hellip;]<\/p>\n","protected":false},"author":7,"featured_media":35094,"comment_status":"open","ping_status":"open","sticky":false,"template":"","format":"standard","meta":{"footnotes":""},"categories":[49,40,45],"tags":[],"class_list":["post-35093","post","type-post","status-publish","format-standard","has-post-thumbnail","hentry","category-cuba","category-internacionales","category-salud"],"_links":{"self":[{"href":"https:\/\/2horizontes.com\/index.php?rest_route=\/wp\/v2\/posts\/35093","targetHints":{"allow":["GET"]}}],"collection":[{"href":"https:\/\/2horizontes.com\/index.php?rest_route=\/wp\/v2\/posts"}],"about":[{"href":"https:\/\/2horizontes.com\/index.php?rest_route=\/wp\/v2\/types\/post"}],"author":[{"embeddable":true,"href":"https:\/\/2horizontes.com\/index.php?rest_route=\/wp\/v2\/users\/7"}],"replies":[{"embeddable":true,"href":"https:\/\/2horizontes.com\/index.php?rest_route=%2Fwp%2Fv2%2Fcomments&post=35093"}],"version-history":[{"count":1,"href":"https:\/\/2horizontes.com\/index.php?rest_route=\/wp\/v2\/posts\/35093\/revisions"}],"predecessor-version":[{"id":35095,"href":"https:\/\/2horizontes.com\/index.php?rest_route=\/wp\/v2\/posts\/35093\/revisions\/35095"}],"wp:featuredmedia":[{"embeddable":true,"href":"https:\/\/2horizontes.com\/index.php?rest_route=\/wp\/v2\/media\/35094"}],"wp:attachment":[{"href":"https:\/\/2horizontes.com\/index.php?rest_route=%2Fwp%2Fv2%2Fmedia&parent=35093"}],"wp:term":[{"taxonomy":"category","embeddable":true,"href":"https:\/\/2horizontes.com\/index.php?rest_route=%2Fwp%2Fv2%2Fcategories&post=35093"},{"taxonomy":"post_tag","embeddable":true,"href":"https:\/\/2horizontes.com\/index.php?rest_route=%2Fwp%2Fv2%2Ftags&post=35093"}],"curies":[{"name":"wp","href":"https:\/\/api.w.org\/{rel}","templated":true}]}}