{"id":35079,"date":"2015-12-04T08:54:42","date_gmt":"2015-12-04T07:54:42","guid":{"rendered":"http:\/\/2horizontes.com\/?p=35079"},"modified":"2015-12-04T08:54:42","modified_gmt":"2015-12-04T07:54:42","slug":"lula-considera-insana-la-apertura-de-juicio-politico-a-presidenta-brasilena","status":"publish","type":"post","link":"https:\/\/2horizontes.com\/?p=35079","title":{"rendered":"Lula considera \u00abinsana\u00bb la apertura de juicio pol\u00edtico a presidenta brasile\u00f1a"},"content":{"rendered":"<div id=\"ArticleAuthorDiv\" class=\"article-body-author\"><b>EFE<\/b><\/div>\n<div id=\"ArticleSourceDiv\" class=\"article-body-author\"><b>R\u00edo de Janeiro<\/b><\/div>\n<div id=\"ArticleBody\">\n<p>El expresidente brasile\u00f1o Luiz In\u00e1cio Lula da Silva, antecesor y padrino pol\u00edtico de la actual jefa de Estado, Dilma Rousseff, calific\u00f3 ayer de \u00abinsana\u00bb la decisi\u00f3n del Congreso de iniciar un juicio pol\u00edtico con fines de destituci\u00f3n contra la mandataria.<\/p>\n<p>En su primera declaraci\u00f3n sobre la crisis provocada por la decisi\u00f3n del presidente de la C\u00e1mara de Diputados, Eduardo Cunha, de poner en marcha el juicio contra la jefe de Estado, Lula acus\u00f3 al legislador de actuar motivado por intereses particulares y no por los del pa\u00eds.<\/p>\n<p>\u00abMe siento indignado con lo que est\u00e1n haciendo con el pa\u00eds. Cunha s\u00f3lo est\u00e1 pensando en \u00e9l. No piensa en el pa\u00eds, en la econom\u00eda. Brasil no merece eso. Es algo insano\u00bb, dijo el l\u00edder del oficialista Partido de los Trabajadores (PT) en declaraciones a periodistas.<\/p>\n<p>El exmandatario asegur\u00f3 que la decisi\u00f3n de Cunha paralizar\u00e1 al pa\u00eds, dificultar\u00e1 a\u00fan m\u00e1s las relaciones entre Ejecutivo y Legislativo y agravar\u00e1 la crisis de la econom\u00eda, que este a\u00f1o entr\u00f3 en recesi\u00f3n y, seg\u00fan analistas, puede sufrir una contracci\u00f3n del 3 por ciento, su peor resultado en los \u00faltimos 25 a\u00f1os.<\/p>\n<p>\u00abNo pueden permitir que esa locura provocada por Eduardo Cunha dure mucho. Tienen que resolver eso inmediatamente\u00bb, afirm\u00f3.<\/p>\n<p>Para el expresidente, la apertura del juicio pol\u00edtico se produce en momentos en que el Gobierno de Rousseff hac\u00eda esfuerzos para poner a flote la econom\u00eda y cuando discut\u00eda con el Congreso las reformas necesarias para incentivar el crecimiento.<\/p>\n<p>Lula resalt\u00f3 que el juicio pol\u00edtico tan s\u00f3lo da una oportunidad a quienes \u00abquer\u00edan una tercera vuelta en las elecciones\u00bb, en referencia a los sectores de la oposici\u00f3n que a\u00fan no han aceptado la derrota en las presidenciales del a\u00f1o pasado.<\/p>\n<p>Pese a no aclarar cu\u00e1les ser\u00edan los motivos de Cunha, el exjefe de Estado asegur\u00f3 que el presidente de la C\u00e1mara \u00abno deber\u00eda colocar sus intereses personales por delante de los del pa\u00eds\u00bb.<\/p>\n<p>El ministro de la Presidencia, Jacques Wagner, dijo hoy que Cunha ven\u00eda amenazando p\u00fablicamente con autorizar la apertura del juicio en caso de que sus intereses se vieran perjudicados y finalmente lo cumpli\u00f3.<\/p>\n<p>Cunha autoriz\u00f3 dar tr\u00e1mite al juicio contra la jefa de Estado precisamente el d\u00eda en que el PT, la formaci\u00f3n de Lula y de Rousseff, inform\u00f3 de que apoyar\u00e1 la apertura de un proceso en el Consejo de \u00c9tica de la C\u00e1mara baja, que puede despojar al legislador de su mandato.<\/p>\n<p>El jefe de la C\u00e1mara de Diputados se enfrenta a varias acusaciones dentro del esc\u00e1ndalo de corrupci\u00f3n descubierto en la empresa Petrobras y, adem\u00e1s de un proceso en el Consejo de \u00c9tica, recientemente la Fiscal\u00eda abri\u00f3 una investigaci\u00f3n por unas cuentas bancarias nunca declaradas que le descubri\u00f3 en el exterior y que al parecer recibieron dep\u00f3sitos de recursos desviados de la petrolera.<\/p>\n<p>Lula neg\u00f3 que la presidenta hubiese intentando negociar un acuerdo para librar a Cunha del proceso en el Consejo de \u00c9tica de la C\u00e1mara de Diputados, a cambio de que \u00e9ste se abstuviese de abrir el proceso pol\u00edtico contra ella.<\/p>\n<p>\u00abConozco a Dilma (Rousseff) y me parece muy dif\u00edcil que ella acepte ese tipo de negociaciones\u00bb, afirm\u00f3.<\/p>\n<p>El complejo proceso constitucional que puede despojar a la presidenta de su mandato fue puesto hoy en marcha y estar\u00e1 en manos de 65 diputados de 23 partidos que decidir\u00e1n si Rousseff ser\u00e1 sometida o no a juicio pol\u00edtico.<\/p>\n<p>Esos 65 legisladores formar\u00e1n la comisi\u00f3n especial que prev\u00e9 la Constituci\u00f3n para juicios de esa naturaleza y determinar\u00e1n si las maniobras fiscales denunciadas por la oposici\u00f3n y censuradas por \u00f3rganos de contralor\u00eda del Estado constituyen un motivo para despojar a Rousseff del cargo para el que fue reelegida en 2014.<\/p>\n<\/div>\n<div><\/div>\n<p>&nbsp;<\/p>\n","protected":false},"excerpt":{"rendered":"<p>EFE R\u00edo de Janeiro El expresidente brasile\u00f1o Luiz In\u00e1cio Lula da Silva, antecesor y padrino pol\u00edtico de la actual jefa de Estado, Dilma Rousseff, calific\u00f3 ayer de \u00abinsana\u00bb la decisi\u00f3n del Congreso de iniciar un juicio pol\u00edtico con fines de destituci\u00f3n contra la mandataria. En su primera declaraci\u00f3n sobre la crisis provocada por la decisi\u00f3n [&hellip;]<\/p>\n","protected":false},"author":7,"featured_media":35080,"comment_status":"open","ping_status":"open","sticky":false,"template":"","format":"standard","meta":{"footnotes":""},"categories":[40,43],"tags":[],"class_list":["post-35079","post","type-post","status-publish","format-standard","has-post-thumbnail","hentry","category-internacionales","category-politica"],"_links":{"self":[{"href":"https:\/\/2horizontes.com\/index.php?rest_route=\/wp\/v2\/posts\/35079","targetHints":{"allow":["GET"]}}],"collection":[{"href":"https:\/\/2horizontes.com\/index.php?rest_route=\/wp\/v2\/posts"}],"about":[{"href":"https:\/\/2horizontes.com\/index.php?rest_route=\/wp\/v2\/types\/post"}],"author":[{"embeddable":true,"href":"https:\/\/2horizontes.com\/index.php?rest_route=\/wp\/v2\/users\/7"}],"replies":[{"embeddable":true,"href":"https:\/\/2horizontes.com\/index.php?rest_route=%2Fwp%2Fv2%2Fcomments&post=35079"}],"version-history":[{"count":1,"href":"https:\/\/2horizontes.com\/index.php?rest_route=\/wp\/v2\/posts\/35079\/revisions"}],"predecessor-version":[{"id":35081,"href":"https:\/\/2horizontes.com\/index.php?rest_route=\/wp\/v2\/posts\/35079\/revisions\/35081"}],"wp:featuredmedia":[{"embeddable":true,"href":"https:\/\/2horizontes.com\/index.php?rest_route=\/wp\/v2\/media\/35080"}],"wp:attachment":[{"href":"https:\/\/2horizontes.com\/index.php?rest_route=%2Fwp%2Fv2%2Fmedia&parent=35079"}],"wp:term":[{"taxonomy":"category","embeddable":true,"href":"https:\/\/2horizontes.com\/index.php?rest_route=%2Fwp%2Fv2%2Fcategories&post=35079"},{"taxonomy":"post_tag","embeddable":true,"href":"https:\/\/2horizontes.com\/index.php?rest_route=%2Fwp%2Fv2%2Ftags&post=35079"}],"curies":[{"name":"wp","href":"https:\/\/api.w.org\/{rel}","templated":true}]}}