{"id":35031,"date":"2015-12-03T18:45:18","date_gmt":"2015-12-03T17:45:18","guid":{"rendered":"http:\/\/2horizontes.com\/?p=35031"},"modified":"2015-12-03T18:45:46","modified_gmt":"2015-12-03T17:45:46","slug":"profesores-bellas-artes-vuelven-a-clasesluego-de-once-meses-en-huelga-rd","status":"publish","type":"post","link":"https:\/\/2horizontes.com\/?p=35031","title":{"rendered":"Profesores Bellas Artes vuelven a clases luego de 11 meses en huelga RD"},"content":{"rendered":"<p>RD- SANTO DOMINGO-(EFE).- Los profesores que durante once meses permanecieron en huelga en Bellas Artes anunciaron hoy que retornan a sus labores, y que el aumento que le realiz\u00f3 la instituci\u00f3n lo donar\u00e1n para poder realizar las reparaciones que demandan las instalaciones de la Escuela Nacional de Arte Dram\u00e1tico (Enad).<\/p>\n<p>Los profesores, adem\u00e1s, exhortaron a los funcionarios del Ministerio de Cultura, \u201ca quienes les duela la situaci\u00f3n de la Enad\u201d, para que brinden tambi\u00e9n una partida de su sueldo a favor de esta causa.<\/p>\n<p>\u201cA casi once meses de paro de docencia las autoridades del Ministerio de Cultura competentes para el caso han sido incapaces de sostener con nosotros un di\u00e1logo sincero y horizontal que brinde soluciones definitivas al conflicto. Muy desacertadas han sido sus inasistencias a reuniones convocadas a veces por ustedes mismos y otras solicitadas por los maestros en las que tambi\u00e9n brillaron por su ausencia\u201d, dijeron los profesores en nota de prensa.<\/p>\n<p>Lamentaron, que a casi un a\u00f1o del paro, las autoridades en Cultura, en vez de conciliar y cumplir por lo menos la mitad de las demandas de los profesores, \u201crecurran a medidas retaliativas, amenazas y una burocracia institucional que ustedes de manera arbitraria incumplen a cada momento\u201d.<\/p>\n<p>Consideraron \u201cmoralmente inaceptable\u201d el hecho de que las autoridades han estado recibiendo sus salarios por unas funciones que no han cumplido a cabalidad, lo cual llev\u00f3 a un paro nacional.<\/p>\n<p>\u201cEs moralmente inaceptable que los docentes de la Enad hayan llevado la escuela en sus hombros, asumiendo funciones de las autoridades con respecto a revisi\u00f3n de reglamentos internos, reestructuraci\u00f3n curricular, as\u00ed como desembolsando de su propio dinero para suplir necesidades de agua, material gastable, fotocopias, entre otros, mientras que nuestros salarios no son ni la tercera parte de la canasta familiar\u201d, se lamentaron.EFE<\/p>\n","protected":false},"excerpt":{"rendered":"<p>RD- SANTO DOMINGO-(EFE).- Los profesores que durante once meses permanecieron en huelga en Bellas Artes anunciaron hoy que retornan a sus labores, y que el aumento que le realiz\u00f3 la instituci\u00f3n lo donar\u00e1n para poder realizar las reparaciones que demandan las instalaciones de la Escuela Nacional de Arte Dram\u00e1tico (Enad). Los profesores, adem\u00e1s, exhortaron a [&hellip;]<\/p>\n","protected":false},"author":8,"featured_media":35032,"comment_status":"open","ping_status":"open","sticky":false,"template":"","format":"standard","meta":{"footnotes":""},"categories":[62,63,44],"tags":[],"class_list":["post-35031","post","type-post","status-publish","format-standard","has-post-thumbnail","hentry","category-cultura","category-economia","category-republica-dominicana"],"_links":{"self":[{"href":"https:\/\/2horizontes.com\/index.php?rest_route=\/wp\/v2\/posts\/35031","targetHints":{"allow":["GET"]}}],"collection":[{"href":"https:\/\/2horizontes.com\/index.php?rest_route=\/wp\/v2\/posts"}],"about":[{"href":"https:\/\/2horizontes.com\/index.php?rest_route=\/wp\/v2\/types\/post"}],"author":[{"embeddable":true,"href":"https:\/\/2horizontes.com\/index.php?rest_route=\/wp\/v2\/users\/8"}],"replies":[{"embeddable":true,"href":"https:\/\/2horizontes.com\/index.php?rest_route=%2Fwp%2Fv2%2Fcomments&post=35031"}],"version-history":[{"count":2,"href":"https:\/\/2horizontes.com\/index.php?rest_route=\/wp\/v2\/posts\/35031\/revisions"}],"predecessor-version":[{"id":35034,"href":"https:\/\/2horizontes.com\/index.php?rest_route=\/wp\/v2\/posts\/35031\/revisions\/35034"}],"wp:featuredmedia":[{"embeddable":true,"href":"https:\/\/2horizontes.com\/index.php?rest_route=\/wp\/v2\/media\/35032"}],"wp:attachment":[{"href":"https:\/\/2horizontes.com\/index.php?rest_route=%2Fwp%2Fv2%2Fmedia&parent=35031"}],"wp:term":[{"taxonomy":"category","embeddable":true,"href":"https:\/\/2horizontes.com\/index.php?rest_route=%2Fwp%2Fv2%2Fcategories&post=35031"},{"taxonomy":"post_tag","embeddable":true,"href":"https:\/\/2horizontes.com\/index.php?rest_route=%2Fwp%2Fv2%2Ftags&post=35031"}],"curies":[{"name":"wp","href":"https:\/\/api.w.org\/{rel}","templated":true}]}}