{"id":35006,"date":"2015-12-03T18:03:52","date_gmt":"2015-12-03T17:03:52","guid":{"rendered":"http:\/\/2horizontes.com\/?p=35006"},"modified":"2015-12-03T18:03:52","modified_gmt":"2015-12-03T17:03:52","slug":"autoridades-apresa-6-acusados-de-retener-una-menor-por-tres-dias-en-cabana-rd","status":"publish","type":"post","link":"https:\/\/2horizontes.com\/?p=35006","title":{"rendered":"Autoridades apresa 6 acusados de retener una menor por tres d\u00edas en caba\u00f1a RD"},"content":{"rendered":"<p>RD-CONSTANZA -Cuatro hombres y dos mujeres fueron detenidos y acusados por la fiscal\u00eda de este municipio de retener por la fuerza a una menor de edad durante tres d\u00edas en una caba\u00f1a, \u00a0contra de su voluntad.<\/p>\n<p>Se trata de Carlos Rafael Qu\u00e9liz Dur\u00e1n, de 34 a\u00f1os; los hermanos Omar y Te\u00f3filo Fern\u00e1ndez Ram\u00edrez, de 28 y 26 a\u00f1os de edad respectivamente; Isidro P\u00e9rez Quezada, de 24; Marleny\u00a0 de los Santos Dur\u00e1n, de 20 y Natalia Fr\u00edas L\u00f3pez, de la misma edad.<\/p>\n<p>Los seis fueron apresados por miembros de la Sub Direcci\u00f3n Adjunta de Investigaciones Criminales atendiendo a una \u00a0orden de arresto emitida el 24 de noviembre pasado por el juez de la Instrucci\u00f3n de Constanza.<\/p>\n<p>El grupo fue acusado por familiares de la ni\u00f1a de seducirla.<\/p>\n<p>La Polic\u00eda profundiza las investigaciones para determinar si hay otras personas involucradas en el caso.<\/p>\n","protected":false},"excerpt":{"rendered":"<p>RD-CONSTANZA -Cuatro hombres y dos mujeres fueron detenidos y acusados por la fiscal\u00eda de este municipio de retener por la fuerza a una menor de edad durante tres d\u00edas en una caba\u00f1a, \u00a0contra de su voluntad. Se trata de Carlos Rafael Qu\u00e9liz Dur\u00e1n, de 34 a\u00f1os; los hermanos Omar y Te\u00f3filo Fern\u00e1ndez Ram\u00edrez, de 28 [&hellip;]<\/p>\n","protected":false},"author":8,"featured_media":35009,"comment_status":"open","ping_status":"open","sticky":false,"template":"","format":"standard","meta":{"footnotes":""},"categories":[53,44],"tags":[],"class_list":["post-35006","post","type-post","status-publish","format-standard","has-post-thumbnail","hentry","category-provincias","category-republica-dominicana"],"_links":{"self":[{"href":"https:\/\/2horizontes.com\/index.php?rest_route=\/wp\/v2\/posts\/35006","targetHints":{"allow":["GET"]}}],"collection":[{"href":"https:\/\/2horizontes.com\/index.php?rest_route=\/wp\/v2\/posts"}],"about":[{"href":"https:\/\/2horizontes.com\/index.php?rest_route=\/wp\/v2\/types\/post"}],"author":[{"embeddable":true,"href":"https:\/\/2horizontes.com\/index.php?rest_route=\/wp\/v2\/users\/8"}],"replies":[{"embeddable":true,"href":"https:\/\/2horizontes.com\/index.php?rest_route=%2Fwp%2Fv2%2Fcomments&post=35006"}],"version-history":[{"count":1,"href":"https:\/\/2horizontes.com\/index.php?rest_route=\/wp\/v2\/posts\/35006\/revisions"}],"predecessor-version":[{"id":35010,"href":"https:\/\/2horizontes.com\/index.php?rest_route=\/wp\/v2\/posts\/35006\/revisions\/35010"}],"wp:featuredmedia":[{"embeddable":true,"href":"https:\/\/2horizontes.com\/index.php?rest_route=\/wp\/v2\/media\/35009"}],"wp:attachment":[{"href":"https:\/\/2horizontes.com\/index.php?rest_route=%2Fwp%2Fv2%2Fmedia&parent=35006"}],"wp:term":[{"taxonomy":"category","embeddable":true,"href":"https:\/\/2horizontes.com\/index.php?rest_route=%2Fwp%2Fv2%2Fcategories&post=35006"},{"taxonomy":"post_tag","embeddable":true,"href":"https:\/\/2horizontes.com\/index.php?rest_route=%2Fwp%2Fv2%2Ftags&post=35006"}],"curies":[{"name":"wp","href":"https:\/\/api.w.org\/{rel}","templated":true}]}}