{"id":34899,"date":"2015-12-03T09:19:15","date_gmt":"2015-12-03T08:19:15","guid":{"rendered":"http:\/\/2horizontes.com\/?p=34899"},"modified":"2015-12-03T09:19:15","modified_gmt":"2015-12-03T08:19:15","slug":"vicepresidente-colombiano-permanecera-en-observacion-tras-sufrir-desmayo","status":"publish","type":"post","link":"https:\/\/2horizontes.com\/?p=34899","title":{"rendered":"Vicepresidente colombiano permanecer\u00e1 en observaci\u00f3n tras sufrir desmayo"},"content":{"rendered":"<div id=\"ArticleAuthorDiv\" class=\"article-body-author\"><b>EFE<\/b><\/div>\n<div id=\"ArticleSourceDiv\" class=\"article-body-author\"><b>Bogot\u00e1<\/b><\/div>\n<div id=\"ArticleBody\">\n<p>El vicepresidente de Colombia, Germ\u00e1n Vargas Lleras, sufri\u00f3 ayer un desmayo por \u00abagotamiento f\u00edsico\u00bb cuando hablaba en un acto p\u00fablico y fue llevado en ambulancia a una cl\u00ednica, inform\u00f3 su despacho en un comunicado.<\/p>\n<p>Vargas Lleras, de 53 a\u00f1os, ingres\u00f3 a la Cl\u00ednica Carlos Ardila Lulle de la localidad de Floridablanca, en el departamento de Santander (noreste), con un \u00abcuadro convulsivo\u00bb, aunque los ex\u00e1menes cl\u00ednicos descartaron cualquier afecci\u00f3n cardiaca.<\/p>\n<p>El parte m\u00e9dico, divulgado por la Vicepresidencia, indica que Vargas Lleras ingres\u00f3 a la cl\u00ednica \u00abluego de presentar un cuadro convulsivo asociado a una lesi\u00f3n estructural cerebral antigua y benigna, acentuada por su excesiva carga laboral de los \u00faltimos d\u00edas\u00bb.<\/p>\n<p>El documento agrega que \u00ablos ex\u00e1menes descartan una enfermedad cardiaca. Su estado de salud es estable\u00bb y permanecer\u00e1 en observaci\u00f3n 24 horas.<\/p>\n<p>El presidente colombiano, Juan Manuel Santos, que regres\u00f3 AYER de Europa, hizo votos por la recuperaci\u00f3n de Vargas Lleras en un mensaje de su cuenta de Twitter.<\/p>\n<p>\u00abEn nombre del Gobierno y en el m\u00edo propio le deseo a nuestro Vicepresidente @German_Vargas una pronta y satisfactoria recuperaci\u00f3n\u00bb, escribi\u00f3 Santos.<\/p>\n<p>El vicepresidente realizaba una intensa agenda de trabajo en municipios de Santander como parte de su funci\u00f3n de gestor de las grandes obras de infraestructura vial y de viviendas que se llevan a cabo en el pa\u00eds.<\/p>\n<p>En agosto pasado, Vargas Lleras fue sometido a una cirug\u00eda para retirarle un quiste benigno del cuello.<\/p>\n<\/div>\n","protected":false},"excerpt":{"rendered":"<p>EFE Bogot\u00e1 El vicepresidente de Colombia, Germ\u00e1n Vargas Lleras, sufri\u00f3 ayer un desmayo por \u00abagotamiento f\u00edsico\u00bb cuando hablaba en un acto p\u00fablico y fue llevado en ambulancia a una cl\u00ednica, inform\u00f3 su despacho en un comunicado. Vargas Lleras, de 53 a\u00f1os, ingres\u00f3 a la Cl\u00ednica Carlos Ardila Lulle de la localidad de Floridablanca, en el [&hellip;]<\/p>\n","protected":false},"author":7,"featured_media":34900,"comment_status":"open","ping_status":"open","sticky":false,"template":"","format":"standard","meta":{"footnotes":""},"categories":[50,40,43],"tags":[],"class_list":["post-34899","post","type-post","status-publish","format-standard","has-post-thumbnail","hentry","category-colombia","category-internacionales","category-politica"],"_links":{"self":[{"href":"https:\/\/2horizontes.com\/index.php?rest_route=\/wp\/v2\/posts\/34899","targetHints":{"allow":["GET"]}}],"collection":[{"href":"https:\/\/2horizontes.com\/index.php?rest_route=\/wp\/v2\/posts"}],"about":[{"href":"https:\/\/2horizontes.com\/index.php?rest_route=\/wp\/v2\/types\/post"}],"author":[{"embeddable":true,"href":"https:\/\/2horizontes.com\/index.php?rest_route=\/wp\/v2\/users\/7"}],"replies":[{"embeddable":true,"href":"https:\/\/2horizontes.com\/index.php?rest_route=%2Fwp%2Fv2%2Fcomments&post=34899"}],"version-history":[{"count":2,"href":"https:\/\/2horizontes.com\/index.php?rest_route=\/wp\/v2\/posts\/34899\/revisions"}],"predecessor-version":[{"id":34902,"href":"https:\/\/2horizontes.com\/index.php?rest_route=\/wp\/v2\/posts\/34899\/revisions\/34902"}],"wp:featuredmedia":[{"embeddable":true,"href":"https:\/\/2horizontes.com\/index.php?rest_route=\/wp\/v2\/media\/34900"}],"wp:attachment":[{"href":"https:\/\/2horizontes.com\/index.php?rest_route=%2Fwp%2Fv2%2Fmedia&parent=34899"}],"wp:term":[{"taxonomy":"category","embeddable":true,"href":"https:\/\/2horizontes.com\/index.php?rest_route=%2Fwp%2Fv2%2Fcategories&post=34899"},{"taxonomy":"post_tag","embeddable":true,"href":"https:\/\/2horizontes.com\/index.php?rest_route=%2Fwp%2Fv2%2Ftags&post=34899"}],"curies":[{"name":"wp","href":"https:\/\/api.w.org\/{rel}","templated":true}]}}