{"id":34893,"date":"2015-12-03T09:05:36","date_gmt":"2015-12-03T08:05:36","guid":{"rendered":"http:\/\/2horizontes.com\/?p=34893"},"modified":"2015-12-03T09:05:36","modified_gmt":"2015-12-03T08:05:36","slug":"juicio-politico-le-podria-costar-el-cargo-a-presidenta-de-brasil-dilma-rousseff","status":"publish","type":"post","link":"https:\/\/2horizontes.com\/?p=34893","title":{"rendered":"Juicio pol\u00edtico le podr\u00eda costar el cargo a presidenta de Brasil, Dilma Rousseff"},"content":{"rendered":"<div id=\"ArticleAuthorDiv\" class=\"article-body-author\"><\/div>\n<div id=\"ArticleSourceDiv\" class=\"article-body-author\"><b>Brasilia<\/b><\/div>\n<div id=\"ArticleBody\">\n<p>La presidenta brasile\u00f1a, Dilma Rousseff, qued\u00f3 ayer contra las cuerdas, una vez que el jefe de los Diputados, Eduardo Cunha, acept\u00f3 promover un juicio con miras a su destituci\u00f3n por graves irregularidades fiscales cometidas desde 2014.<\/p>\n<p>\u00abRecib\u00ed con indignaci\u00f3n la decisi\u00f3n del presidente de la C\u00e1mara de Diputados contra un mandato democr\u00e1ticamente conferido por el pueblo brasile\u00f1o\u00bb, declar\u00f3 Rousseff en un muy breve pronunciamiento en el Palacio presidencial de Planalto tras conocerse la decisi\u00f3n.<\/p>\n<p>El jefe de los Diputados acat\u00f3 un pedido de juicio pol\u00edtico presentado por varios juristas y cuatro partidos de la oposici\u00f3n que se fundamenta en unas maniobras fiscales irregulares que el Gobierno hizo para maquillar sus resultados de 2014 y que continuaron este a\u00f1o, seg\u00fan organismos de contralor\u00eda del Estado.<\/p>\n<p>Cunha pertenece al oficialista Partido del Movimiento Democr\u00e1tico Brasile\u00f1o (PMDB), que lidera el vicepresidente del pa\u00eds, Michel Temer, el primero en la l\u00ednea sucesoria en caso de una destituci\u00f3n de la mandataria.<\/p>\n<p>Sin embargo, Cunha se enemist\u00f3 con Rousseff durante ese a\u00f1o y hace meses anunci\u00f3 su decisi\u00f3n \u00abpersonal\u00bb de pasar a engrosar las filas de la oposici\u00f3n.<\/p>\n<p>El jefe de los Diputados anunci\u00f3 su decisi\u00f3n precisamente el d\u00eda en que el Partido de los Trabajadores (PT), de Rousseff, inform\u00f3 que apoyar\u00e1 la apertura de un proceso que puede despojarlo de su mandato por sus implicaciones en las corruptelas detectadas en la petrolera estatal Petrobras.<\/p>\n<p>Sin embargo, neg\u00f3 que se tratara de una \u00abvenganza\u00bb frente a eso y asegur\u00f3 que decidi\u00f3 sobre las mismas bases jur\u00eddicas que le llevaron a rechazar 27 peticiones similares.<\/p>\n<p>No obstante, Rousseff aludi\u00f3 a ello en su declaraci\u00f3n al pa\u00eds al citar que en los \u00faltimos d\u00edas hubo conjeturas en la prensa sobre una posible negociaci\u00f3n del PT, que negar\u00eda apoyo al juicio contra Cunha a cambio de que este no aceptara el proceso contra la mandataria.<\/p>\n<p>\u00abJam\u00e1s aceptar\u00eda\u00bb negociaciones de esa naturaleza y \u00abmucho menos si atentan contra el libre funcionamiento de las instituciones y los principios \u00e9ticos que deben gobernar la vida p\u00fablica\u00bb, declar\u00f3 la presidenta.<\/p>\n<p>En la oposici\u00f3n, el anuncio de Cunha fue recibido con cautela, pero al mismo tiempo con \u00abtoda naturalidad\u00bb, seg\u00fan dijo el senador A\u00e9cio Neves.<\/p>\n<p>\u00abEl presidente de la C\u00e1mara de Diputados tom\u00f3 la decisi\u00f3n que le cab\u00eda, ajustada a la Constituci\u00f3n\u00bb, dijo Neves, del Partido de la Social Democracia Brasile\u00f1a (PSDB).<\/p>\n<p>El pedido aceptado por Cunha se refiere a unas deudas por 57.000 millones de reales (unos 14.805 millones de d\u00f3lares) que el Gobierno ha acumulado con la banca p\u00fablica y que hasta ahora no hab\u00edan sido contabilizadas en los balances oficiales.<\/p>\n<p>Esas deudas son consecuencia de que el Gobierno dej\u00f3 de depositar en la banca p\u00fablica, usada como agente de pagos, parte de los montos previstos para seguros de desempleo, subsidios a las familias m\u00e1s pobres y cr\u00e9ditos para campesinos, entre otras obligaciones.<\/p>\n<p>El Tribunal de Cuentas, organismo de contralor\u00eda del Estado, ha considerado que el Gobierno ha incurrido en \u00abirregularidades graves\u00bb al dejar acumular esas deudas y valerse de los recursos de la banca p\u00fablica para garantizar el pago de sus compromisos legales.<\/p>\n<p>Seg\u00fan la oposici\u00f3n y los juristas que exigen la destituci\u00f3n de Rousseff, se trata de un \u00abdelito de responsabilidad fiscal\u00bb que la Constituci\u00f3n contempla como una de las causas que pueden llevar a la destituci\u00f3n de un mandatario.<\/p>\n<p>Aunque no las hab\u00eda contabilizado en sus resultados de 2014, el Gobierno incluy\u00f3 esas deudas en una nueva previsi\u00f3n de d\u00e9ficit fiscal para este a\u00f1o que hoy fue aprobada por el Congreso.<\/p>\n<p>El pr\u00f3ximo paso tras la decisi\u00f3n de Cunha ser\u00e1 la conformaci\u00f3n de una comisi\u00f3n especial que analizar\u00e1 la decisi\u00f3n contra la jefa de Estado.<\/p>\n<p>Esa comisi\u00f3n establecer\u00e1 un plazo para la defensa de Rousseff y luego elaborar\u00e1 un informe, que en caso de inclinarse por el juicio pol\u00edtico obligar\u00e1 a la presidenta a separarse del cargo durante 180 d\u00edas, que es el tiempo que tendr\u00e1 el Senado para realizar el propio juicio.<\/p>\n<p>Rousseff cuenta con una amplia base parlamentaria, pero de la que se encuentra distanciada a ra\u00edz del impacto de la investigaci\u00f3n en Petrobras, que salpica a medio centenar de pol\u00edticos, en su mayor\u00eda oficialistas, y un impopular paquete de ajuste fiscal con el que intenta atajar la grave crisis econ\u00f3mica del pa\u00eds.<\/p>\n<p>Sin embargo, pese a ese distanciamiento, hoy mismo, poco antes del anuncio de Cunha, el oficialismo supo reagruparse para aprobar una nueva meta para el d\u00e9ficit fiscal previsto para este a\u00f1o, que el Gobierno ha situado ahora en un 2 %.<\/p>\n<p>F. List\u00edn Diario.<\/p>\n<\/div>\n","protected":false},"excerpt":{"rendered":"<p>Brasilia La presidenta brasile\u00f1a, Dilma Rousseff, qued\u00f3 ayer contra las cuerdas, una vez que el jefe de los Diputados, Eduardo Cunha, acept\u00f3 promover un juicio con miras a su destituci\u00f3n por graves irregularidades fiscales cometidas desde 2014. \u00abRecib\u00ed con indignaci\u00f3n la decisi\u00f3n del presidente de la C\u00e1mara de Diputados contra un mandato democr\u00e1ticamente conferido por [&hellip;]<\/p>\n","protected":false},"author":7,"featured_media":34894,"comment_status":"open","ping_status":"open","sticky":false,"template":"","format":"standard","meta":{"footnotes":""},"categories":[40,43],"tags":[],"class_list":["post-34893","post","type-post","status-publish","format-standard","has-post-thumbnail","hentry","category-internacionales","category-politica"],"_links":{"self":[{"href":"https:\/\/2horizontes.com\/index.php?rest_route=\/wp\/v2\/posts\/34893","targetHints":{"allow":["GET"]}}],"collection":[{"href":"https:\/\/2horizontes.com\/index.php?rest_route=\/wp\/v2\/posts"}],"about":[{"href":"https:\/\/2horizontes.com\/index.php?rest_route=\/wp\/v2\/types\/post"}],"author":[{"embeddable":true,"href":"https:\/\/2horizontes.com\/index.php?rest_route=\/wp\/v2\/users\/7"}],"replies":[{"embeddable":true,"href":"https:\/\/2horizontes.com\/index.php?rest_route=%2Fwp%2Fv2%2Fcomments&post=34893"}],"version-history":[{"count":1,"href":"https:\/\/2horizontes.com\/index.php?rest_route=\/wp\/v2\/posts\/34893\/revisions"}],"predecessor-version":[{"id":34895,"href":"https:\/\/2horizontes.com\/index.php?rest_route=\/wp\/v2\/posts\/34893\/revisions\/34895"}],"wp:featuredmedia":[{"embeddable":true,"href":"https:\/\/2horizontes.com\/index.php?rest_route=\/wp\/v2\/media\/34894"}],"wp:attachment":[{"href":"https:\/\/2horizontes.com\/index.php?rest_route=%2Fwp%2Fv2%2Fmedia&parent=34893"}],"wp:term":[{"taxonomy":"category","embeddable":true,"href":"https:\/\/2horizontes.com\/index.php?rest_route=%2Fwp%2Fv2%2Fcategories&post=34893"},{"taxonomy":"post_tag","embeddable":true,"href":"https:\/\/2horizontes.com\/index.php?rest_route=%2Fwp%2Fv2%2Ftags&post=34893"}],"curies":[{"name":"wp","href":"https:\/\/api.w.org\/{rel}","templated":true}]}}