{"id":34854,"date":"2015-12-02T15:54:43","date_gmt":"2015-12-02T14:54:43","guid":{"rendered":"http:\/\/2horizontes.com\/?p=34854"},"modified":"2015-12-02T15:54:43","modified_gmt":"2015-12-02T14:54:43","slug":"mets-y-cenapec-en-su-septima-graduacion-de-peloteros-rd","status":"publish","type":"post","link":"https:\/\/2horizontes.com\/?p=34854","title":{"rendered":"Mets y Cenapec en su s\u00e9ptima graduaci\u00f3n de peloteros RD"},"content":{"rendered":"<p>RD-BOCA CHICA- La Academia de Baseball de los Mets de Nueva York, con sede en la \u00a0Rep\u00fablica Dominicana y Centros de Educaci\u00f3n a Distancia, CENAPEC, llevaron a cabo la s\u00e9ptima graduaci\u00f3n de los j\u00f3venes prospectos peloteros, que integran el Programa Acad\u00e9mico METS- CENAPEC, que desde el a\u00f1o 2008, recibe a los j\u00f3venes, integr\u00e1ndolos a un proceso docente.<\/p>\n<p>En la actividad que se efectu\u00f3 en las instalaciones de la sede de la Academia en R.D., ubicada en la Carretera de Jubey, kil\u00f3metro 2 de Boca Chica, les fueron entregados sus diplomas a 25 j\u00f3venes, estudiantes de diferentes grados; algunos de ellos fueron reconocidos como sobresalientes y los m\u00e1s destacados durante este curso escolar.<\/p>\n<p>El emotivo acto cont\u00f3 con la presencia de distinguidas personalidades que presidieron la Mesa de Honor: Jen Wolf, Coordinadora de Operaciones Internacionales y Estados Unidos; Juan Henderson, Director de Operaciones para Latinoam\u00e9rica de los METS en RD; Rafael Landestoy, Coordinador de Terreno de los METS para Latinoam\u00e9rica; Lynette Nadal, Coordinadora Educaci\u00f3n y Cultura, METS\u00a0 NY; Ronny Reyes, Manager de Operaciones en Port St Lucie; Julio Cesar Le\u00f3n, Encargado de Asuntos Acad\u00e9micos de CENAPEC; Neskys Liriano, Coordinadora de Educaci\u00f3n de la MLB<\/p>\n<p>Adem\u00e1s de invitados especiales como, Osvaldo Virgil, primer dominicano que nos represent\u00f3 en las Grandes Ligas; Hensel Robles, pelotero de ligas mayores; Lamar Johnson, coordinador de bateo; Kevin Morgan, coordinador de infield e instrucciones; Ryan Ellis, de bateo de temporadas cortas; Miguel Vald\u00e9s, de pitcheo de temporadas cortas; Luis Rivera,\u00a0 dirigente del equipo de Kingsport., entre otras distinguidas personalidades.<\/p>\n<p>La academia de los Mets de NY realiza esta loable acci\u00f3n en la que sus prospectos peloteros, quienes festejaron triunfantes la culminaci\u00f3n de una etapa tan importante en sus vidas, reciben formaci\u00f3n educativa para su desarrollo integral con los Centros APEC de Educaci\u00f3n a Distancia, bajo un programa que se ejecuta con el acompa\u00f1amiento psicol\u00f3gico y con la orientaci\u00f3n de un grupo de profesores que motivan y orientan el aprendizaje de los estudiantes.<\/p>\n<p>La Academia de los METS se ha comprometido con el jugador no s\u00f3lo a formarlo como atleta, sino proporcion\u00e1ndole la herramienta m\u00e1s valiosa para el futuro de cualquier ser humano, la educaci\u00f3n.\u00a0 En ese sentido Lynette Nadal, Coordinadora Educaci\u00f3n y Cultura, METS\u00a0 NY, expres\u00f3 durante su discurso que \u201chemos trabajado diligentemente para dise\u00f1ar un plan de estudios y formar un equipo docente con CENAPEC que transforme los jugadores latinos en hombres profesionales, capaces de establecer metas, comunicarse efectivamente con pensamiento cr\u00edtico dentro y fuera del campo de juego\u201d.<\/p>\n<p>Dijo adem\u00e1s que la educaci\u00f3n de estos j\u00f3venes ha logrado empoderarles para crear un impacto en la sociedad y hacer realidad el cambio y que tienen las habilidades y el car\u00e1cter para dirigir el \u00e9xito personal, organizacional y social dentro del baseball y fuera del terreno.<\/p>\n<p>Todos los programas y modalidades de estudios y los egresados de CENAPEC, cuentan con el\u00a0 aval del Ministerio de Educaci\u00f3n, en \u00a0las titulaciones de ense\u00f1anza b\u00e1sica y media, lo que les facilita a quienes no puedan continuar una carrera en el baseball, hacerla fuera y forjarse un futuro para su bienestar y el de sus familias.<\/p>\n<p>&nbsp;<\/p>\n","protected":false},"excerpt":{"rendered":"<p>RD-BOCA CHICA- La Academia de Baseball de los Mets de Nueva York, con sede en la \u00a0Rep\u00fablica Dominicana y Centros de Educaci\u00f3n a Distancia, CENAPEC, llevaron a cabo la s\u00e9ptima graduaci\u00f3n de los j\u00f3venes prospectos peloteros, que integran el Programa Acad\u00e9mico METS- CENAPEC, que desde el a\u00f1o 2008, recibe a los j\u00f3venes, integr\u00e1ndolos a un [&hellip;]<\/p>\n","protected":false},"author":8,"featured_media":34855,"comment_status":"open","ping_status":"open","sticky":false,"template":"","format":"standard","meta":{"footnotes":""},"categories":[42,55,44],"tags":[],"class_list":["post-34854","post","type-post","status-publish","format-standard","has-post-thumbnail","hentry","category-deportes","category-educacion","category-republica-dominicana"],"_links":{"self":[{"href":"https:\/\/2horizontes.com\/index.php?rest_route=\/wp\/v2\/posts\/34854","targetHints":{"allow":["GET"]}}],"collection":[{"href":"https:\/\/2horizontes.com\/index.php?rest_route=\/wp\/v2\/posts"}],"about":[{"href":"https:\/\/2horizontes.com\/index.php?rest_route=\/wp\/v2\/types\/post"}],"author":[{"embeddable":true,"href":"https:\/\/2horizontes.com\/index.php?rest_route=\/wp\/v2\/users\/8"}],"replies":[{"embeddable":true,"href":"https:\/\/2horizontes.com\/index.php?rest_route=%2Fwp%2Fv2%2Fcomments&post=34854"}],"version-history":[{"count":1,"href":"https:\/\/2horizontes.com\/index.php?rest_route=\/wp\/v2\/posts\/34854\/revisions"}],"predecessor-version":[{"id":34856,"href":"https:\/\/2horizontes.com\/index.php?rest_route=\/wp\/v2\/posts\/34854\/revisions\/34856"}],"wp:featuredmedia":[{"embeddable":true,"href":"https:\/\/2horizontes.com\/index.php?rest_route=\/wp\/v2\/media\/34855"}],"wp:attachment":[{"href":"https:\/\/2horizontes.com\/index.php?rest_route=%2Fwp%2Fv2%2Fmedia&parent=34854"}],"wp:term":[{"taxonomy":"category","embeddable":true,"href":"https:\/\/2horizontes.com\/index.php?rest_route=%2Fwp%2Fv2%2Fcategories&post=34854"},{"taxonomy":"post_tag","embeddable":true,"href":"https:\/\/2horizontes.com\/index.php?rest_route=%2Fwp%2Fv2%2Ftags&post=34854"}],"curies":[{"name":"wp","href":"https:\/\/api.w.org\/{rel}","templated":true}]}}