{"id":34851,"date":"2015-12-02T15:47:08","date_gmt":"2015-12-02T14:47:08","guid":{"rendered":"http:\/\/2horizontes.com\/?p=34851"},"modified":"2015-12-02T15:47:08","modified_gmt":"2015-12-02T14:47:08","slug":"20-mil-personas-en-rd-viven-con-vih-sida-y-no-lo-saben-dice-conasida","status":"publish","type":"post","link":"https:\/\/2horizontes.com\/?p=34851","title":{"rendered":"20 mil personas en RD viven con VIH- Sida y no lo saben dice CONASIDA"},"content":{"rendered":"<p>RD- SANTO DOMINGO- En Rep\u00fablica Dominicana al menos 20 mil personas viven con el VIH-SIDA sin saberlo, seg\u00fan lo revel\u00f3 el director del Consejo Nacional del VIH-Sida, en el acto celebrado en el Palacio Nacional para conmemorar, este primero de diciembre, el D\u00eda Mundial de la lucha contra el Sida.<\/p>\n<p>El doctor V\u00edctor Terrero dijo que el pa\u00eds cuenta con casi 70 mil personas afectadas con el virus, de los cuales 40 mil est\u00e1n identificados. Reconoci\u00f3 el avance que ha registrado el pa\u00eds en los \u00faltimos a\u00f1os para prevenir la enfermedad, sin embargo, indic\u00f3 que el virus se ha concentrado en una poblaci\u00f3n determinada como son la comunidad gay, trans, hombres que tienen sexo con hombres y otros.<\/p>\n<p>La actividad cont\u00f3 con la presencia de la vicepresidenta Margarita Cede\u00f1o de Fern\u00e1ndez; la ministra de Salud, Altagracia Guzm\u00e1n Marcelino, y el embajador norteamericano, James Brewster.<\/p>\n","protected":false},"excerpt":{"rendered":"<p>RD- SANTO DOMINGO- En Rep\u00fablica Dominicana al menos 20 mil personas viven con el VIH-SIDA sin saberlo, seg\u00fan lo revel\u00f3 el director del Consejo Nacional del VIH-Sida, en el acto celebrado en el Palacio Nacional para conmemorar, este primero de diciembre, el D\u00eda Mundial de la lucha contra el Sida. El doctor V\u00edctor Terrero dijo [&hellip;]<\/p>\n","protected":false},"author":8,"featured_media":34852,"comment_status":"open","ping_status":"open","sticky":false,"template":"","format":"standard","meta":{"footnotes":""},"categories":[44,45],"tags":[],"class_list":["post-34851","post","type-post","status-publish","format-standard","has-post-thumbnail","hentry","category-republica-dominicana","category-salud"],"_links":{"self":[{"href":"https:\/\/2horizontes.com\/index.php?rest_route=\/wp\/v2\/posts\/34851","targetHints":{"allow":["GET"]}}],"collection":[{"href":"https:\/\/2horizontes.com\/index.php?rest_route=\/wp\/v2\/posts"}],"about":[{"href":"https:\/\/2horizontes.com\/index.php?rest_route=\/wp\/v2\/types\/post"}],"author":[{"embeddable":true,"href":"https:\/\/2horizontes.com\/index.php?rest_route=\/wp\/v2\/users\/8"}],"replies":[{"embeddable":true,"href":"https:\/\/2horizontes.com\/index.php?rest_route=%2Fwp%2Fv2%2Fcomments&post=34851"}],"version-history":[{"count":1,"href":"https:\/\/2horizontes.com\/index.php?rest_route=\/wp\/v2\/posts\/34851\/revisions"}],"predecessor-version":[{"id":34853,"href":"https:\/\/2horizontes.com\/index.php?rest_route=\/wp\/v2\/posts\/34851\/revisions\/34853"}],"wp:featuredmedia":[{"embeddable":true,"href":"https:\/\/2horizontes.com\/index.php?rest_route=\/wp\/v2\/media\/34852"}],"wp:attachment":[{"href":"https:\/\/2horizontes.com\/index.php?rest_route=%2Fwp%2Fv2%2Fmedia&parent=34851"}],"wp:term":[{"taxonomy":"category","embeddable":true,"href":"https:\/\/2horizontes.com\/index.php?rest_route=%2Fwp%2Fv2%2Fcategories&post=34851"},{"taxonomy":"post_tag","embeddable":true,"href":"https:\/\/2horizontes.com\/index.php?rest_route=%2Fwp%2Fv2%2Ftags&post=34851"}],"curies":[{"name":"wp","href":"https:\/\/api.w.org\/{rel}","templated":true}]}}