{"id":34845,"date":"2015-12-02T15:26:59","date_gmt":"2015-12-02T14:26:59","guid":{"rendered":"http:\/\/2horizontes.com\/?p=34845"},"modified":"2015-12-02T15:26:59","modified_gmt":"2015-12-02T14:26:59","slug":"cuatro-mujeres-fueron-asaltadas-cuando-iban-a-trabajar-a-zona-franca-en-santiago-rd","status":"publish","type":"post","link":"https:\/\/2horizontes.com\/?p=34845","title":{"rendered":"Cuatro mujeres fueron asaltadas cuando iban a trabajar a zona franca en Santiago RD"},"content":{"rendered":"<p>RD- SANTIAGO-Cuatro mujeres fueron atracadas por dos individuos cuando \u00e9stas se dirig\u00edan a la zona franca donde laboran, despoj\u00e1ndolas de sus celulares, prendas y el dinero de la comida.<\/p>\n<p>Las afectadas, \u00a0residentes en el sector Cienfuegos y cuyos nombrs no fueron revelados, narraron que los individuos sin mediar palabras y a punta de armas de fuego y cuchillos las obligaron a entregarles lo que ten\u00edan.<\/p>\n<p>Sin embargo, su lamento es la falta de respuesta por parte de las autoridades.<\/p>\n<p>\u00abLos delincuentes para cometer sus hechos vand\u00e1licos no tienen horas ni lugar, sorprenden a sus v\u00edctimas saque\u00e1ndolas a punta de pistola y la gente no acude ni a la Polic\u00eda ni a la Fiscal\u00eda, por falta de respuesta\u201d, refiere el pastor Pablo Ure\u00f1a.<\/p>\n<p>&nbsp;<\/p>\n","protected":false},"excerpt":{"rendered":"<p>RD- SANTIAGO-Cuatro mujeres fueron atracadas por dos individuos cuando \u00e9stas se dirig\u00edan a la zona franca donde laboran, despoj\u00e1ndolas de sus celulares, prendas y el dinero de la comida. Las afectadas, \u00a0residentes en el sector Cienfuegos y cuyos nombrs no fueron revelados, narraron que los individuos sin mediar palabras y a punta de armas de [&hellip;]<\/p>\n","protected":false},"author":8,"featured_media":34846,"comment_status":"open","ping_status":"open","sticky":false,"template":"","format":"standard","meta":{"footnotes":""},"categories":[53,44],"tags":[],"class_list":["post-34845","post","type-post","status-publish","format-standard","has-post-thumbnail","hentry","category-provincias","category-republica-dominicana"],"_links":{"self":[{"href":"https:\/\/2horizontes.com\/index.php?rest_route=\/wp\/v2\/posts\/34845","targetHints":{"allow":["GET"]}}],"collection":[{"href":"https:\/\/2horizontes.com\/index.php?rest_route=\/wp\/v2\/posts"}],"about":[{"href":"https:\/\/2horizontes.com\/index.php?rest_route=\/wp\/v2\/types\/post"}],"author":[{"embeddable":true,"href":"https:\/\/2horizontes.com\/index.php?rest_route=\/wp\/v2\/users\/8"}],"replies":[{"embeddable":true,"href":"https:\/\/2horizontes.com\/index.php?rest_route=%2Fwp%2Fv2%2Fcomments&post=34845"}],"version-history":[{"count":1,"href":"https:\/\/2horizontes.com\/index.php?rest_route=\/wp\/v2\/posts\/34845\/revisions"}],"predecessor-version":[{"id":34847,"href":"https:\/\/2horizontes.com\/index.php?rest_route=\/wp\/v2\/posts\/34845\/revisions\/34847"}],"wp:featuredmedia":[{"embeddable":true,"href":"https:\/\/2horizontes.com\/index.php?rest_route=\/wp\/v2\/media\/34846"}],"wp:attachment":[{"href":"https:\/\/2horizontes.com\/index.php?rest_route=%2Fwp%2Fv2%2Fmedia&parent=34845"}],"wp:term":[{"taxonomy":"category","embeddable":true,"href":"https:\/\/2horizontes.com\/index.php?rest_route=%2Fwp%2Fv2%2Fcategories&post=34845"},{"taxonomy":"post_tag","embeddable":true,"href":"https:\/\/2horizontes.com\/index.php?rest_route=%2Fwp%2Fv2%2Ftags&post=34845"}],"curies":[{"name":"wp","href":"https:\/\/api.w.org\/{rel}","templated":true}]}}