{"id":34842,"date":"2015-12-02T13:19:11","date_gmt":"2015-12-02T12:19:11","guid":{"rendered":"http:\/\/2horizontes.com\/?p=34842"},"modified":"2015-12-02T13:19:11","modified_gmt":"2015-12-02T12:19:11","slug":"escalofriante-descubrimiento-en-una-famosa-playa-de-espana","status":"publish","type":"post","link":"https:\/\/2horizontes.com\/?p=34842","title":{"rendered":"Escalofriante descubrimiento en una famosa playa de Espa\u00f1a"},"content":{"rendered":"<p><strong>Espa\u00f1a<\/strong><\/p>\n<p>La Polic\u00eda de Catalu\u00f1a abri\u00f3 una investigaci\u00f3n para determinar la procedencia de <b>ocho cr\u00e1neos <\/b>y otros restos \u00f3seos, presuntamente humanos, que un buzo encontr\u00f3 a poca profundidad en la costa de <b>Els Palangrers de Roses<\/b>, m\u00e1s conocida como la playa del Segon Moll.<\/p>\n<p>Autoridades informaron que el lunes recibieron una alerta de la Polic\u00eda local de que un joven que practicaba snorkel hab\u00eda visto, junto a unas rocas, a unos 5 metros de distancia de la orilla y a poca profundidad, restos que parec\u00edan <b>varios cr\u00e1neos humanos y un f\u00e9mur.<\/b><\/p>\n<p>&nbsp;<\/p>\n<div id=\"2127708-Grande-1275968025_wrap\" class=\"embed_cont type_imagen\">\n<div id=\"2127708-Grande-1275968025_content\" class=\"embed_content\"><img decoding=\"async\" id=\"2127708-Grande-1275968025_embed\" src=\"http:\/\/cdn01.am.infobae.com\/adjuntos\/163\/imagenes\/013\/852\/0013852237.jpg?0000-00-00-00-00-00\" alt=\"\" \/><\/div>\n<div id=\"2127708-Grande-1275968025_epigrafe\" class=\"embed_epigrafe\"><\/div>\n<div id=\"2127708-Grande-1275968025_copyright\" class=\"embed_copyright\"><\/div>\n<\/div>\n<p>&nbsp;<\/p>\n<p>El buzo los fotografi\u00f3 y avis\u00f3 a la Polic\u00eda, que moviliz\u00f3 a la unidad subacu\u00e1tica del cuerpo. En un primer momento, los agentes creyeron que las fotograf\u00edas aportadas por el joven eran falsas, pero luego vieron m\u00e1s im\u00e1genes donde pudieron distinguir diversos cr\u00e1neos.<\/p>\n<p>Agentes de la unidad acu\u00e1tica, con base en Sabadell (Barcelona), inspeccionaron el lugar indicado y finalmente dieron con ocho cr\u00e1neos, algunos incompletos, f\u00e9mures y otros restos, semienterrados.<\/p>\n<p>&nbsp;<\/p>\n<div id=\"2127710-Grande-1420999186_wrap\" class=\"embed_cont type_imagen\">\n<div id=\"2127710-Grande-1420999186_content\" class=\"embed_content\"><img decoding=\"async\" id=\"2127710-Grande-1420999186_embed\" src=\"http:\/\/cdn01.am.infobae.com\/adjuntos\/163\/imagenes\/013\/852\/0013852253.jpg?0000-00-00-00-00-00\" alt=\"\" \/><\/div>\n<div id=\"2127710-Grande-1420999186_epigrafe\" class=\"embed_epigrafe\"><\/div>\n<div id=\"2127710-Grande-1420999186_copyright\" class=\"embed_copyright\"><\/div>\n<\/div>\n<p>&nbsp;<\/p>\n<p><b>Los oficiales sacaron los restos del agua y luego los trasladaron en bolsas hasta el Instituto de Medicina Legal de Girona<\/b>, donde los forenses los analizar\u00e1n.<\/p>\n<p>La alcaldesa de Roses, Montserrat Mindan, se mostr\u00f3 sorprendida por el lugar de la aparici\u00f3n de estos restos, que estaban a la vista desde fuera del agua porque, seg\u00fan ella, \u00aben verano es una zona muy transitada\u00bb.<\/p>\n<div id=\"2127709-Grande-1176079975_wrap\" class=\"embed_cont type_imagen\">\n<div id=\"2127709-Grande-1176079975_content\" class=\"embed_content\"><img decoding=\"async\" id=\"2127709-Grande-1176079975_embed\" src=\"http:\/\/cdn01.am.infobae.com\/adjuntos\/163\/imagenes\/013\/852\/0013852245.jpg?0000-00-00-00-00-00\" alt=\"\" \/><\/div>\n<div id=\"2127709-Grande-1176079975_epigrafe\" class=\"embed_epigrafe\"><\/div>\n<div id=\"2127709-Grande-1176079975_copyright\" class=\"embed_copyright\">\u00a0F. Infobae.<\/div>\n<\/div>\n<p>&nbsp;<\/p>\n","protected":false},"excerpt":{"rendered":"<p>Espa\u00f1a La Polic\u00eda de Catalu\u00f1a abri\u00f3 una investigaci\u00f3n para determinar la procedencia de ocho cr\u00e1neos y otros restos \u00f3seos, presuntamente humanos, que un buzo encontr\u00f3 a poca profundidad en la costa de Els Palangrers de Roses, m\u00e1s conocida como la playa del Segon Moll. Autoridades informaron que el lunes recibieron una alerta de la Polic\u00eda [&hellip;]<\/p>\n","protected":false},"author":7,"featured_media":34843,"comment_status":"open","ping_status":"open","sticky":false,"template":"","format":"standard","meta":{"footnotes":""},"categories":[85,40],"tags":[],"class_list":["post-34842","post","type-post","status-publish","format-standard","has-post-thumbnail","hentry","category-espana","category-internacionales"],"_links":{"self":[{"href":"https:\/\/2horizontes.com\/index.php?rest_route=\/wp\/v2\/posts\/34842","targetHints":{"allow":["GET"]}}],"collection":[{"href":"https:\/\/2horizontes.com\/index.php?rest_route=\/wp\/v2\/posts"}],"about":[{"href":"https:\/\/2horizontes.com\/index.php?rest_route=\/wp\/v2\/types\/post"}],"author":[{"embeddable":true,"href":"https:\/\/2horizontes.com\/index.php?rest_route=\/wp\/v2\/users\/7"}],"replies":[{"embeddable":true,"href":"https:\/\/2horizontes.com\/index.php?rest_route=%2Fwp%2Fv2%2Fcomments&post=34842"}],"version-history":[{"count":1,"href":"https:\/\/2horizontes.com\/index.php?rest_route=\/wp\/v2\/posts\/34842\/revisions"}],"predecessor-version":[{"id":34844,"href":"https:\/\/2horizontes.com\/index.php?rest_route=\/wp\/v2\/posts\/34842\/revisions\/34844"}],"wp:featuredmedia":[{"embeddable":true,"href":"https:\/\/2horizontes.com\/index.php?rest_route=\/wp\/v2\/media\/34843"}],"wp:attachment":[{"href":"https:\/\/2horizontes.com\/index.php?rest_route=%2Fwp%2Fv2%2Fmedia&parent=34842"}],"wp:term":[{"taxonomy":"category","embeddable":true,"href":"https:\/\/2horizontes.com\/index.php?rest_route=%2Fwp%2Fv2%2Fcategories&post=34842"},{"taxonomy":"post_tag","embeddable":true,"href":"https:\/\/2horizontes.com\/index.php?rest_route=%2Fwp%2Fv2%2Ftags&post=34842"}],"curies":[{"name":"wp","href":"https:\/\/api.w.org\/{rel}","templated":true}]}}